{"id":2056,"date":"2022-06-26T20:23:15","date_gmt":"2022-06-26T20:23:15","guid":{"rendered":"https:\/\/www.campus-cerdanya.com\/?p=2056"},"modified":"2022-07-03T08:30:02","modified_gmt":"2022-07-03T08:30:02","slug":"de-estana-a-prat-del-cadi","status":"publish","type":"post","link":"https:\/\/www.campus-cerdanya.com\/ca\/blog\/de-estana-a-prat-del-cadi\/","title":{"rendered":"De Estana a Prat del Cad\u00ed"},"content":{"rendered":"<p>&nbsp;<\/p>\n<p><strong>FITXA T\u00c8CNICA<\/strong><\/p>\n<p>&nbsp;<\/p>\n<p><strong>Situaci\u00f3<\/strong>: Parc Natural del Cad\u00ed-Moixer\u00f3.<\/p>\n<p><strong>Acc\u00e9s<\/strong>: Des de Martinet (N-260) a mig cam\u00ed entre La Seu i Puigcerd\u00e0 neix un cam\u00ed asfaltat que porta a Estana, on cal estacionar el vehicle i comen\u00e7ar a caminar.<\/p>\n<p><strong>Pobles m\u00e9s propers<\/strong>: Estana, Martinet.<\/p>\n<p><strong>Punt de partida<\/strong>: Estana.<\/p>\n<p><strong>Durada<\/strong>: 3h 00&#8242;<\/p>\n<p><strong>Desnivell acumulat<\/strong>: 400 m.<\/p>\n<p><strong>Altura m\u00e0xima<\/strong>: 1.800 m.<\/p>\n<p><strong>Edat recomanada:<\/strong> A partir de 7 anys.<\/p>\n<p><strong>Nivell<\/strong>: F\u00e0cil.<\/p>\n<p><strong>Objectiu: <\/strong>Excursi\u00f3 a un dels paratges m\u00e9s bells de la serra del Cad\u00ed, on es poden veure isards.<\/p>\n<p><strong>Material que cal dur:<\/strong> Botes de muntanya, roba c\u00f2moda, paravent o impermeable. Recomanable bastons.<\/p>\n<p>&nbsp;<\/p>\n<p>&nbsp;<\/p>\n<p><strong>ITINERARI:\u00a0<\/strong><\/p>\n<p><img fetchpriority=\"high\" decoding=\"async\" class=\"size-medium wp-image-2062 aligncenter\" src=\"https:\/\/www.campus-cerdanya.com\/wp-content\/uploads\/2022\/06\/723716ff6f10b37d93b9247bc410a75161bae150bff86ea4632da6a061590137.0-291x300.jpg\" alt=\"\" width=\"291\" height=\"300\" srcset=\"https:\/\/www.campus-cerdanya.com\/wp-content\/uploads\/2022\/06\/723716ff6f10b37d93b9247bc410a75161bae150bff86ea4632da6a061590137.0-291x300.jpg 291w, https:\/\/www.campus-cerdanya.com\/wp-content\/uploads\/2022\/06\/723716ff6f10b37d93b9247bc410a75161bae150bff86ea4632da6a061590137.0-142x146.jpg 142w, https:\/\/www.campus-cerdanya.com\/wp-content\/uploads\/2022\/06\/723716ff6f10b37d93b9247bc410a75161bae150bff86ea4632da6a061590137.0-73x75.jpg 73w, https:\/\/www.campus-cerdanya.com\/wp-content\/uploads\/2022\/06\/723716ff6f10b37d93b9247bc410a75161bae150bff86ea4632da6a061590137.0.jpg 330w\" sizes=\"(max-width:767px) 291px, 291px\" \/><\/p>\n<p style=\"text-align: center;\"><strong>Imatge 1:<\/strong> Mapa de l&#8217;excursi\u00f3.<\/p>\n<p>0h:00\u2019 1.548m<\/p>\n<p><strong>Estana<\/strong><\/p>\n<p>Seguint cap al sud el carrer principal de la poblaci\u00f3, cal deixar a m\u00e0 dreta els antics safareigs, en direcci\u00f3 al Cad\u00ed. Cal seguir les instruccions i arribarem al coll de Pallers on es troben els r\u00e8tols indicadors.<\/p>\n<p>&nbsp;<\/p>\n<p>0h:20\u2019 1.560m<\/p>\n<p><strong>Coll de Pallers<\/strong><\/p>\n<p>Seguim el cam\u00ed marcat passarem per Graus de Ricl\u00e0 i anirem fins al coll de Raineres entre pins i boixos.<\/p>\n<p>&nbsp;<\/p>\n<p>1h:00\u2019 1.680m<\/p>\n<p><strong>Coll de Raineres<\/strong><\/p>\n<p>Aqu\u00ed cal passar un torrent i continuar fins que el cam\u00ed esdev\u00e9 m\u00e9s planer. Despr\u00e9s, s\u2019arriba al Coll Roig.<\/p>\n<p>&nbsp;<\/p>\n<p>1h:20\u2019 1.770m<\/p>\n<p><strong>Coll Roig<\/strong><\/p>\n<p>Com indica el seu nom, apareix excavat al terreny vermell. El corriol travessa ara un bosc de pins, avets i moixeres, i desemboca en un extens prat horitzontal d\u2019uns 300 m de llarg: Prat del Cad\u00ed.<\/p>\n<p>&nbsp;<\/p>\n<p>1h:45\u2019 1.800m<\/p>\n<p><strong>Prat del Cad\u00ed<\/strong><\/p>\n<p>\u00c9s un oasi verd on trobarem una ombra i una font canalitzada. Tornarem pel mateix cam\u00ed.<\/p>\n<p>&nbsp;<\/p>\n<p>2h:00\u2019 1.770m<\/p>\n<p><strong>Coll Roig<\/strong><\/p>\n<p>Tornarem pel mateix cam\u00ed.<\/p>\n<p>&nbsp;<\/p>\n<p>2h:15\u2019 1.680m<\/p>\n<p><strong>Coll de Raineres<\/strong><\/p>\n<p>Tornarem pel mateix cam\u00ed.<\/p>\n<p>&nbsp;<\/p>\n<p>2h:45\u2019 1.560m<\/p>\n<p><strong>Coll de Pallers<\/strong><\/p>\n<p>Tornarem pel mateix cam\u00ed.<\/p>\n<p>&nbsp;<\/p>\n<p>3h:00\u2019 1.548m<\/p>\n<p><strong>Estana<\/strong><\/p>\n<p>&nbsp;<\/p>\n<p>&nbsp;<\/p>\n<p>&nbsp;<\/p>\n<p>&nbsp;<\/p>\n","protected":false},"excerpt":{"rendered":"<p>&nbsp; FITXA T\u00c8CNICA &nbsp; Situaci\u00f3: Parc Natural del Cad\u00ed-Moixer\u00f3. Acc\u00e9s: Des de Martinet (N-260) a mig cam\u00ed entre La Seu i Puigcerd\u00e0 neix un cam\u00ed asfaltat<span class=\"excerpt-hellip\"> [\u2026]<\/span><\/p>\n","protected":false},"author":2,"featured_media":0,"comment_status":"closed","ping_status":"closed","sticky":false,"template":"","format":"standard","meta":{"_acf_changed":false,"footnotes":""},"categories":[34],"tags":[],"class_list":["post-2056","post","type-post","status-publish","format-standard","hentry","category-excursions"],"acf":[],"yoast_head":"<!-- This site is optimized with the Yoast SEO plugin v24.2 - https:\/\/yoast.com\/wordpress\/plugins\/seo\/ -->\n<title>De Estana a Prat del Cad\u00ed - Campus Cerdanya<\/title>\n<meta name=\"robots\" content=\"index, follow, max-snippet:-1, max-image-preview:large, max-video-preview:-1\" \/>\n<link rel=\"canonical\" href=\"https:\/\/www.campus-cerdanya.com\/ca\/blog\/de-estana-a-prat-del-cadi\/\" \/>\n<meta property=\"og:locale\" content=\"ca_ES\" \/>\n<meta property=\"og:type\" content=\"article\" \/>\n<meta property=\"og:title\" content=\"De Estana a Prat del Cad\u00ed - Campus Cerdanya\" \/>\n<meta property=\"og:description\" content=\"&nbsp; FITXA T\u00c8CNICA &nbsp; Situaci\u00f3: Parc Natural del Cad\u00ed-Moixer\u00f3. Acc\u00e9s: Des de Martinet (N-260) a mig cam\u00ed entre La Seu i Puigcerd\u00e0 neix un cam\u00ed asfaltat [\u2026]\" \/>\n<meta property=\"og:url\" content=\"https:\/\/www.campus-cerdanya.com\/ca\/blog\/de-estana-a-prat-del-cadi\/\" \/>\n<meta property=\"og:site_name\" content=\"Campus Cerdanya\" \/>\n<meta property=\"article:published_time\" content=\"2022-06-26T20:23:15+00:00\" \/>\n<meta property=\"article:modified_time\" content=\"2022-07-03T08:30:02+00:00\" \/>\n<meta property=\"og:image\" content=\"https:\/\/www.campus-cerdanya.com\/wp-content\/uploads\/2022\/06\/723716ff6f10b37d93b9247bc410a75161bae150bff86ea4632da6a061590137.0-291x300.jpg\" \/>\n<meta name=\"author\" content=\"campus_editor\" \/>\n<meta name=\"twitter:card\" content=\"summary_large_image\" \/>\n<meta name=\"twitter:label1\" content=\"Escrit per\" \/>\n\t<meta name=\"twitter:data1\" content=\"campus_editor\" \/>\n\t<meta name=\"twitter:label2\" content=\"Temps estimat de lectura\" \/>\n\t<meta name=\"twitter:data2\" content=\"2 minuts\" \/>\n<script type=\"application\/ld+json\" class=\"yoast-schema-graph\">{\"@context\":\"https:\/\/schema.org\",\"@graph\":[{\"@type\":\"WebPage\",\"@id\":\"https:\/\/www.campus-cerdanya.com\/ca\/blog\/de-estana-a-prat-del-cadi\/\",\"url\":\"https:\/\/www.campus-cerdanya.com\/ca\/blog\/de-estana-a-prat-del-cadi\/\",\"name\":\"De Estana a Prat del Cad\u00ed - Campus Cerdanya\",\"isPartOf\":{\"@id\":\"https:\/\/www.campus-cerdanya.com\/ca\/#website\"},\"primaryImageOfPage\":{\"@id\":\"https:\/\/www.campus-cerdanya.com\/ca\/blog\/de-estana-a-prat-del-cadi\/#primaryimage\"},\"image\":{\"@id\":\"https:\/\/www.campus-cerdanya.com\/ca\/blog\/de-estana-a-prat-del-cadi\/#primaryimage\"},\"thumbnailUrl\":\"https:\/\/www.campus-cerdanya.com\/wp-content\/uploads\/2022\/06\/723716ff6f10b37d93b9247bc410a75161bae150bff86ea4632da6a061590137.0-291x300.jpg\",\"datePublished\":\"2022-06-26T20:23:15+00:00\",\"dateModified\":\"2022-07-03T08:30:02+00:00\",\"author\":{\"@id\":\"https:\/\/www.campus-cerdanya.com\/ca\/#\/schema\/person\/f6abc8bb03d1abe5119440bbd63de01c\"},\"breadcrumb\":{\"@id\":\"https:\/\/www.campus-cerdanya.com\/ca\/blog\/de-estana-a-prat-del-cadi\/#breadcrumb\"},\"inLanguage\":\"ca\",\"potentialAction\":[{\"@type\":\"ReadAction\",\"target\":[\"https:\/\/www.campus-cerdanya.com\/ca\/blog\/de-estana-a-prat-del-cadi\/\"]}]},{\"@type\":\"ImageObject\",\"inLanguage\":\"ca\",\"@id\":\"https:\/\/www.campus-cerdanya.com\/ca\/blog\/de-estana-a-prat-del-cadi\/#primaryimage\",\"url\":\"https:\/\/www.campus-cerdanya.com\/wp-content\/uploads\/2022\/06\/723716ff6f10b37d93b9247bc410a75161bae150bff86ea4632da6a061590137.0-291x300.jpg\",\"contentUrl\":\"https:\/\/www.campus-cerdanya.com\/wp-content\/uploads\/2022\/06\/723716ff6f10b37d93b9247bc410a75161bae150bff86ea4632da6a061590137.0-291x300.jpg\"},{\"@type\":\"BreadcrumbList\",\"@id\":\"https:\/\/www.campus-cerdanya.com\/ca\/blog\/de-estana-a-prat-del-cadi\/#breadcrumb\",\"itemListElement\":[{\"@type\":\"ListItem\",\"position\":1,\"name\":\"Portada\",\"item\":\"https:\/\/www.campus-cerdanya.com\/ca\/\"},{\"@type\":\"ListItem\",\"position\":2,\"name\":\"De Estana a Prat del Cad\u00ed\"}]},{\"@type\":\"WebSite\",\"@id\":\"https:\/\/www.campus-cerdanya.com\/ca\/#website\",\"url\":\"https:\/\/www.campus-cerdanya.com\/ca\/\",\"name\":\"Campus Cerdanya\",\"description\":\"Hotel para grupos, familias y deportistas en los Pirineos.\",\"potentialAction\":[{\"@type\":\"SearchAction\",\"target\":{\"@type\":\"EntryPoint\",\"urlTemplate\":\"https:\/\/www.campus-cerdanya.com\/ca\/?s={search_term_string}\"},\"query-input\":{\"@type\":\"PropertyValueSpecification\",\"valueRequired\":true,\"valueName\":\"search_term_string\"}}],\"inLanguage\":\"ca\"},{\"@type\":\"Person\",\"@id\":\"https:\/\/www.campus-cerdanya.com\/ca\/#\/schema\/person\/f6abc8bb03d1abe5119440bbd63de01c\",\"name\":\"campus_editor\"}]}<\/script>\n<!-- \/ Yoast SEO plugin. -->","yoast_head_json":{"title":"De Estana a Prat del Cad\u00ed - Campus Cerdanya","robots":{"index":"index","follow":"follow","max-snippet":"max-snippet:-1","max-image-preview":"max-image-preview:large","max-video-preview":"max-video-preview:-1"},"canonical":"https:\/\/www.campus-cerdanya.com\/ca\/blog\/de-estana-a-prat-del-cadi\/","og_locale":"ca_ES","og_type":"article","og_title":"De Estana a Prat del Cad\u00ed - Campus Cerdanya","og_description":"&nbsp; FITXA T\u00c8CNICA &nbsp; Situaci\u00f3: Parc Natural del Cad\u00ed-Moixer\u00f3. Acc\u00e9s: Des de Martinet (N-260) a mig cam\u00ed entre La Seu i Puigcerd\u00e0 neix un cam\u00ed asfaltat [\u2026]","og_url":"https:\/\/www.campus-cerdanya.com\/ca\/blog\/de-estana-a-prat-del-cadi\/","og_site_name":"Campus Cerdanya","article_published_time":"2022-06-26T20:23:15+00:00","article_modified_time":"2022-07-03T08:30:02+00:00","og_image":[{"url":"https:\/\/www.campus-cerdanya.com\/wp-content\/uploads\/2022\/06\/723716ff6f10b37d93b9247bc410a75161bae150bff86ea4632da6a061590137.0-291x300.jpg","type":"","width":"","height":""}],"author":"campus_editor","twitter_card":"summary_large_image","twitter_misc":{"Escrit per":"campus_editor","Temps estimat de lectura":"2 minuts"},"schema":{"@context":"https:\/\/schema.org","@graph":[{"@type":"WebPage","@id":"https:\/\/www.campus-cerdanya.com\/ca\/blog\/de-estana-a-prat-del-cadi\/","url":"https:\/\/www.campus-cerdanya.com\/ca\/blog\/de-estana-a-prat-del-cadi\/","name":"De Estana a Prat del Cad\u00ed - Campus Cerdanya","isPartOf":{"@id":"https:\/\/www.campus-cerdanya.com\/ca\/#website"},"primaryImageOfPage":{"@id":"https:\/\/www.campus-cerdanya.com\/ca\/blog\/de-estana-a-prat-del-cadi\/#primaryimage"},"image":{"@id":"https:\/\/www.campus-cerdanya.com\/ca\/blog\/de-estana-a-prat-del-cadi\/#primaryimage"},"thumbnailUrl":"https:\/\/www.campus-cerdanya.com\/wp-content\/uploads\/2022\/06\/723716ff6f10b37d93b9247bc410a75161bae150bff86ea4632da6a061590137.0-291x300.jpg","datePublished":"2022-06-26T20:23:15+00:00","dateModified":"2022-07-03T08:30:02+00:00","author":{"@id":"https:\/\/www.campus-cerdanya.com\/ca\/#\/schema\/person\/f6abc8bb03d1abe5119440bbd63de01c"},"breadcrumb":{"@id":"https:\/\/www.campus-cerdanya.com\/ca\/blog\/de-estana-a-prat-del-cadi\/#breadcrumb"},"inLanguage":"ca","potentialAction":[{"@type":"ReadAction","target":["https:\/\/www.campus-cerdanya.com\/ca\/blog\/de-estana-a-prat-del-cadi\/"]}]},{"@type":"ImageObject","inLanguage":"ca","@id":"https:\/\/www.campus-cerdanya.com\/ca\/blog\/de-estana-a-prat-del-cadi\/#primaryimage","url":"https:\/\/www.campus-cerdanya.com\/wp-content\/uploads\/2022\/06\/723716ff6f10b37d93b9247bc410a75161bae150bff86ea4632da6a061590137.0-291x300.jpg","contentUrl":"https:\/\/www.campus-cerdanya.com\/wp-content\/uploads\/2022\/06\/723716ff6f10b37d93b9247bc410a75161bae150bff86ea4632da6a061590137.0-291x300.jpg"},{"@type":"BreadcrumbList","@id":"https:\/\/www.campus-cerdanya.com\/ca\/blog\/de-estana-a-prat-del-cadi\/#breadcrumb","itemListElement":[{"@type":"ListItem","position":1,"name":"Portada","item":"https:\/\/www.campus-cerdanya.com\/ca\/"},{"@type":"ListItem","position":2,"name":"De Estana a Prat del Cad\u00ed"}]},{"@type":"WebSite","@id":"https:\/\/www.campus-cerdanya.com\/ca\/#website","url":"https:\/\/www.campus-cerdanya.com\/ca\/","name":"Campus Cerdanya","description":"Hotel para grupos, familias y deportistas en los Pirineos.","potentialAction":[{"@type":"SearchAction","target":{"@type":"EntryPoint","urlTemplate":"https:\/\/www.campus-cerdanya.com\/ca\/?s={search_term_string}"},"query-input":{"@type":"PropertyValueSpecification","valueRequired":true,"valueName":"search_term_string"}}],"inLanguage":"ca"},{"@type":"Person","@id":"https:\/\/www.campus-cerdanya.com\/ca\/#\/schema\/person\/f6abc8bb03d1abe5119440bbd63de01c","name":"campus_editor"}]}},"_links":{"self":[{"href":"https:\/\/www.campus-cerdanya.com\/ca\/wp-json\/wp\/v2\/posts\/2056","targetHints":{"allow":["GET"]}}],"collection":[{"href":"https:\/\/www.campus-cerdanya.com\/ca\/wp-json\/wp\/v2\/posts"}],"about":[{"href":"https:\/\/www.campus-cerdanya.com\/ca\/wp-json\/wp\/v2\/types\/post"}],"author":[{"embeddable":true,"href":"https:\/\/www.campus-cerdanya.com\/ca\/wp-json\/wp\/v2\/users\/2"}],"replies":[{"embeddable":true,"href":"https:\/\/www.campus-cerdanya.com\/ca\/wp-json\/wp\/v2\/comments?post=2056"}],"version-history":[{"count":5,"href":"https:\/\/www.campus-cerdanya.com\/ca\/wp-json\/wp\/v2\/posts\/2056\/revisions"}],"predecessor-version":[{"id":2112,"href":"https:\/\/www.campus-cerdanya.com\/ca\/wp-json\/wp\/v2\/posts\/2056\/revisions\/2112"}],"wp:attachment":[{"href":"https:\/\/www.campus-cerdanya.com\/ca\/wp-json\/wp\/v2\/media?parent=2056"}],"wp:term":[{"taxonomy":"category","embeddable":true,"href":"https:\/\/www.campus-cerdanya.com\/ca\/wp-json\/wp\/v2\/categories?post=2056"},{"taxonomy":"post_tag","embeddable":true,"href":"https:\/\/www.campus-cerdanya.com\/ca\/wp-json\/wp\/v2\/tags?post=2056"}],"curies":[{"name":"wp","href":"https:\/\/api.w.org\/{rel}","templated":true}]}}