{"id":2035,"date":"2022-06-21T09:59:12","date_gmt":"2022-06-21T09:59:12","guid":{"rendered":"https:\/\/www.campus-cerdanya.com\/?p=2035"},"modified":"2022-07-03T10:21:22","modified_gmt":"2022-07-03T10:21:22","slug":"ermita-de-bell-lloc-per-dorres","status":"publish","type":"post","link":"https:\/\/www.campus-cerdanya.com\/ca\/blog\/ermita-de-bell-lloc-per-dorres\/","title":{"rendered":"Ermita de Bell-Lloc per Dorres"},"content":{"rendered":"<p><strong><u>FITXA T\u00c8CNICA<\/u><\/strong><\/p>\n<p><strong>Sortida i arribada:<\/strong> Dorres (1431 m).<\/p>\n<p><strong>Temps de recorregut: <\/strong>1:30 h de pujada + 0:45 h de baixada.<\/p>\n<p><strong>Punt m\u00e9s alt:<\/strong> Cim d&#8217;Argila (1704 m).<\/p>\n<p><strong>Una \u00e8poca per fer-lo:<\/strong> Tot l&#8217;any.<\/p>\n<p>&nbsp;<\/p>\n<p><strong>Aquesta senzilla ascensi\u00f3 ens permet assolir una magn\u00edfica talaia sobre l&#8217;Alta i la Baixa Cerdanya. Ubicada al terme de Dorres, a deu minuts de Puigcerd\u00e0, l&#8217;ermita de Santa Mar\u00eda de Bell-lloc presideix l&#8217;antic Cam\u00ed de Sant Jaume de la Cerdanya. Passarem per l&#8217;antiga duana de Puigcerd\u00e0 cap a La Guingueta d&#8217;Ix (Bourg Madame), tot agafant la carretera que porta cap al coll de Pimorent i Andorra, fins arribar a Ur. En aquest punt agafarem la D-618, que passa per Vilanova de les Escaldes, on en arribar a la rotonda, agafarem la D-10, a la nostra esquerra, que ens acostar\u00e0 a les Escaldes fins al bonic poblet de Dorres.<\/strong><\/p>\n<p>&nbsp;<\/p>\n<p>Iniciarem el nostre itinerari a la pla\u00e7a del poble, on hi trobarem un antic rentador, una font, i l&#8217;esgl\u00e9sia rom\u00e0nica de Sant Joan Evangelista, del S.XII, a l&#8217;interior de la qual hi ha l&#8217;imatge original de la Mare de D\u00e9u de Bell-lloc. Sortirem del poble agafant un carrer estret amb marques de GR Tour du Carlit -blanques i vermelles-, i grogues -senders de petit recorregut francesos, o GR de Pays-: el del Tour du Carlit i el del Tour de Cerdagne. Aquestes ens conduiran, en uns 10 minuts, a la capella Mageta. De seguida es deixa a l&#8217;esquerra el GR P du Tour de Cerdagne, que es desvia per un carrer. L&#8217;altre, el GR P du Tour du Carlit, continua pel mateix carrer. Quan gira a la dreta es troba la capella de Mageta, amb un oratori dedicat a Sant Marc, en poble \u00e9s considerat com a sant protector de torbonades i de llamps.<\/p>\n<p>&nbsp;<\/p>\n<p>&nbsp;<\/p>\n<div id=\"attachment_2047\" style=\"width: 310px\" class=\"wp-caption aligncenter\"><img fetchpriority=\"high\" decoding=\"async\" aria-describedby=\"caption-attachment-2047\" class=\"wp-image-2047 size-medium\" src=\"https:\/\/www.campus-cerdanya.com\/wp-content\/uploads\/2022\/06\/cami-bell-lloc-300x240.jpg\" alt=\"\" width=\"300\" height=\"240\" srcset=\"https:\/\/www.campus-cerdanya.com\/wp-content\/uploads\/2022\/06\/cami-bell-lloc-300x240.jpg 300w, https:\/\/www.campus-cerdanya.com\/wp-content\/uploads\/2022\/06\/cami-bell-lloc-183x146.jpg 183w, https:\/\/www.campus-cerdanya.com\/wp-content\/uploads\/2022\/06\/cami-bell-lloc-50x40.jpg 50w, https:\/\/www.campus-cerdanya.com\/wp-content\/uploads\/2022\/06\/cami-bell-lloc-94x75.jpg 94w, https:\/\/www.campus-cerdanya.com\/wp-content\/uploads\/2022\/06\/cami-bell-lloc.jpg 768w\" sizes=\"(max-width:767px) 300px, 300px\" \/><p id=\"caption-attachment-2047\" class=\"wp-caption-text\"><strong>Imatge 1:<\/strong> Pujada a Bell-Lloc.<\/p><\/div>\n<p>&nbsp;<\/p>\n<p>&nbsp;<\/p>\n<p>Els senyals continuen a l&#8217;esquerra per un interessant cam\u00ed amb tramps empedrats. El cam\u00ed \u00e9s obac, entre bedolls i avellaners, i creua el rec de Jovell, trobant a l&#8217;esquerra, una desviaci\u00f3 amb senyals grogues, aquest ser\u00e0 el cam\u00ed que agafarem de baixada. Anem remuntant el torrent i la pujada s&#8217;accentua fins a sortir del bosc i trobar unes pastures poc abans d&#8217;arribar coll de Jovell (1.633m), si segu\u00edssim el GR P du Tour du Carlit, anir\u00edem a parar als bonics llogarrets de Brangol\u00ed i de Feners. El GR P du Tour de Cerdagne va per una pista que es dirigeix directament a Bell-lloc,\u00a0 podr\u00edem agafar els dies de molta calor a l&#8217;estiu, per\u00f2 nosaltres agafarem el cam\u00ed senyalitzat amb franges grogues, un xic m\u00e9s amunt a l&#8217;esquerra, on trobem un indicador. El cam\u00ed s&#8217;enfila per un tram costerut, fins arribar al cim de l&#8217;Argila (1.704m), on va perdent altitud pels altiplans del tur\u00f3 de Bell-lloc, fins arribar al monestir (1.685m), impressionant talaia amb magn\u00edfiques vistes de la Cerdanya i de l&#8217;Alt Conflent. Des del cim de l&#8217;Argila tenim magn\u00edfiques vistes sobre Brangol\u00ed, la vall del Carol i el Puigpedr\u00f3s, panor\u00e0mica que anirem ampliant des de Bell-lloc, completant la visi\u00f3 sobre el Cad\u00ed, el Moixer\u00f3 i les Penyes Altes, la Tosa d&#8217;Alp, Puigllan\u00e7ada, Puigmal, Canig\u00f3, coll de la Perxa, pic dels Moros i les estivacions del mass\u00eds del Carlit, tot presidint l&#8217;ampla vall del Segre i plana ceretana.<\/p>\n<p>&nbsp;<\/p>\n<p>&nbsp;<\/p>\n<div id=\"attachment_2038\" style=\"width: 310px\" class=\"wp-caption aligncenter\"><img decoding=\"async\" aria-describedby=\"caption-attachment-2038\" class=\"wp-image-2038 size-medium\" src=\"https:\/\/www.campus-cerdanya.com\/wp-content\/uploads\/2022\/06\/e51cc428bb0713907f5f553a54add4a3bcaa8a04b492b8fcf742485e0b4a79e2.0-300x240.jpg\" alt=\"\" width=\"300\" height=\"240\" srcset=\"https:\/\/www.campus-cerdanya.com\/wp-content\/uploads\/2022\/06\/e51cc428bb0713907f5f553a54add4a3bcaa8a04b492b8fcf742485e0b4a79e2.0-300x240.jpg 300w, https:\/\/www.campus-cerdanya.com\/wp-content\/uploads\/2022\/06\/e51cc428bb0713907f5f553a54add4a3bcaa8a04b492b8fcf742485e0b4a79e2.0-768x614.jpg 768w, https:\/\/www.campus-cerdanya.com\/wp-content\/uploads\/2022\/06\/e51cc428bb0713907f5f553a54add4a3bcaa8a04b492b8fcf742485e0b4a79e2.0-183x146.jpg 183w, https:\/\/www.campus-cerdanya.com\/wp-content\/uploads\/2022\/06\/e51cc428bb0713907f5f553a54add4a3bcaa8a04b492b8fcf742485e0b4a79e2.0-50x40.jpg 50w, https:\/\/www.campus-cerdanya.com\/wp-content\/uploads\/2022\/06\/e51cc428bb0713907f5f553a54add4a3bcaa8a04b492b8fcf742485e0b4a79e2.0-94x75.jpg 94w, https:\/\/www.campus-cerdanya.com\/wp-content\/uploads\/2022\/06\/e51cc428bb0713907f5f553a54add4a3bcaa8a04b492b8fcf742485e0b4a79e2.0.jpg 960w\" sizes=\"(max-width:767px) 300px, 300px\" \/><p id=\"caption-attachment-2038\" class=\"wp-caption-text\"><strong>Imatge 2:<\/strong> Panor\u00e0mica de Bell-Lloc<\/p><\/div>\n<p>&nbsp;<\/p>\n<p>&nbsp;<\/p>\n<p>En aquesta ermita exist\u00ed un convent que presidia el Cam\u00ed de Sant Jaume de Cerdanya, per\u00f2 les rigoroses condicions de vida varen fer que la comunitat l&#8217;abandon\u00e9s. Per tornar a Dorres ho farem pels Camps de la Creu, resseguint un corriol enmig de prats, al costat de una tanca per les pastures, que creuarem per un pas que hi ha, a la nostra esquerra, per anar a cercar, camps a trav\u00e9s, un cam\u00ed que ens portar\u00e0 de bell nou al Rec de Jovell, en la cru\u00eflla de camins abans ja esmentada. Acabada l&#8217;excursi\u00f3, podrem gaudir dels banys termals de Dorres.<\/p>\n<p>&nbsp;<\/p>\n<p>&nbsp;<\/p>\n<p>&nbsp;<\/p>\n<p>&nbsp;<\/p>\n<p>&nbsp;<\/p>\n","protected":false},"excerpt":{"rendered":"<p>FITXA T\u00c8CNICA Sortida i arribada: Dorres (1431 m). Temps de recorregut: 1:30 h de pujada + 0:45 h de baixada. Punt m\u00e9s alt: Cim d&#8217;Argila (1704<span class=\"excerpt-hellip\"> [\u2026]<\/span><\/p>\n","protected":false},"author":2,"featured_media":2044,"comment_status":"closed","ping_status":"closed","sticky":false,"template":"","format":"standard","meta":{"_acf_changed":false,"footnotes":""},"categories":[34],"tags":[],"class_list":["post-2035","post","type-post","status-publish","format-standard","has-post-thumbnail","hentry","category-excursions"],"acf":[],"yoast_head":"<!-- This site is optimized with the Yoast SEO plugin v24.2 - https:\/\/yoast.com\/wordpress\/plugins\/seo\/ -->\n<title>Ermita de Bell-Lloc per Dorres - Campus Cerdanya<\/title>\n<meta name=\"robots\" content=\"index, follow, max-snippet:-1, max-image-preview:large, max-video-preview:-1\" \/>\n<link rel=\"canonical\" href=\"https:\/\/www.campus-cerdanya.com\/ca\/blog\/ermita-de-bell-lloc-per-dorres\/\" \/>\n<meta property=\"og:locale\" content=\"ca_ES\" \/>\n<meta property=\"og:type\" content=\"article\" \/>\n<meta property=\"og:title\" content=\"Ermita de Bell-Lloc per Dorres - Campus Cerdanya\" \/>\n<meta property=\"og:description\" content=\"FITXA T\u00c8CNICA Sortida i arribada: Dorres (1431 m). Temps de recorregut: 1:30 h de pujada + 0:45 h de baixada. Punt m\u00e9s alt: Cim d&#8217;Argila (1704 [\u2026]\" \/>\n<meta property=\"og:url\" content=\"https:\/\/www.campus-cerdanya.com\/ca\/blog\/ermita-de-bell-lloc-per-dorres\/\" \/>\n<meta property=\"og:site_name\" content=\"Campus Cerdanya\" \/>\n<meta property=\"article:published_time\" content=\"2022-06-21T09:59:12+00:00\" \/>\n<meta property=\"article:modified_time\" content=\"2022-07-03T10:21:22+00:00\" \/>\n<meta property=\"og:image\" content=\"https:\/\/www.campus-cerdanya.com\/wp-content\/uploads\/2022\/06\/ermita-bell-lloc-1.jpg\" \/>\n\t<meta property=\"og:image:width\" content=\"722\" \/>\n\t<meta property=\"og:image:height\" content=\"576\" \/>\n\t<meta property=\"og:image:type\" content=\"image\/jpeg\" \/>\n<meta name=\"author\" content=\"campus_editor\" \/>\n<meta name=\"twitter:card\" content=\"summary_large_image\" \/>\n<meta name=\"twitter:label1\" content=\"Escrit per\" \/>\n\t<meta name=\"twitter:data1\" content=\"campus_editor\" \/>\n\t<meta name=\"twitter:label2\" content=\"Temps estimat de lectura\" \/>\n\t<meta name=\"twitter:data2\" content=\"4 minuts\" \/>\n<script type=\"application\/ld+json\" class=\"yoast-schema-graph\">{\"@context\":\"https:\/\/schema.org\",\"@graph\":[{\"@type\":\"WebPage\",\"@id\":\"https:\/\/www.campus-cerdanya.com\/ca\/blog\/ermita-de-bell-lloc-per-dorres\/\",\"url\":\"https:\/\/www.campus-cerdanya.com\/ca\/blog\/ermita-de-bell-lloc-per-dorres\/\",\"name\":\"Ermita de Bell-Lloc per Dorres - Campus Cerdanya\",\"isPartOf\":{\"@id\":\"https:\/\/www.campus-cerdanya.com\/ca\/#website\"},\"primaryImageOfPage\":{\"@id\":\"https:\/\/www.campus-cerdanya.com\/ca\/blog\/ermita-de-bell-lloc-per-dorres\/#primaryimage\"},\"image\":{\"@id\":\"https:\/\/www.campus-cerdanya.com\/ca\/blog\/ermita-de-bell-lloc-per-dorres\/#primaryimage\"},\"thumbnailUrl\":\"https:\/\/www.campus-cerdanya.com\/wp-content\/uploads\/2022\/06\/ermita-bell-lloc-1.jpg\",\"datePublished\":\"2022-06-21T09:59:12+00:00\",\"dateModified\":\"2022-07-03T10:21:22+00:00\",\"author\":{\"@id\":\"https:\/\/www.campus-cerdanya.com\/ca\/#\/schema\/person\/f6abc8bb03d1abe5119440bbd63de01c\"},\"breadcrumb\":{\"@id\":\"https:\/\/www.campus-cerdanya.com\/ca\/blog\/ermita-de-bell-lloc-per-dorres\/#breadcrumb\"},\"inLanguage\":\"ca\",\"potentialAction\":[{\"@type\":\"ReadAction\",\"target\":[\"https:\/\/www.campus-cerdanya.com\/ca\/blog\/ermita-de-bell-lloc-per-dorres\/\"]}]},{\"@type\":\"ImageObject\",\"inLanguage\":\"ca\",\"@id\":\"https:\/\/www.campus-cerdanya.com\/ca\/blog\/ermita-de-bell-lloc-per-dorres\/#primaryimage\",\"url\":\"https:\/\/www.campus-cerdanya.com\/wp-content\/uploads\/2022\/06\/ermita-bell-lloc-1.jpg\",\"contentUrl\":\"https:\/\/www.campus-cerdanya.com\/wp-content\/uploads\/2022\/06\/ermita-bell-lloc-1.jpg\",\"width\":722,\"height\":576},{\"@type\":\"BreadcrumbList\",\"@id\":\"https:\/\/www.campus-cerdanya.com\/ca\/blog\/ermita-de-bell-lloc-per-dorres\/#breadcrumb\",\"itemListElement\":[{\"@type\":\"ListItem\",\"position\":1,\"name\":\"Portada\",\"item\":\"https:\/\/www.campus-cerdanya.com\/ca\/\"},{\"@type\":\"ListItem\",\"position\":2,\"name\":\"Ermita de Bell-Lloc per Dorres\"}]},{\"@type\":\"WebSite\",\"@id\":\"https:\/\/www.campus-cerdanya.com\/ca\/#website\",\"url\":\"https:\/\/www.campus-cerdanya.com\/ca\/\",\"name\":\"Campus Cerdanya\",\"description\":\"Hotel para grupos, familias y deportistas en los Pirineos.\",\"potentialAction\":[{\"@type\":\"SearchAction\",\"target\":{\"@type\":\"EntryPoint\",\"urlTemplate\":\"https:\/\/www.campus-cerdanya.com\/ca\/?s={search_term_string}\"},\"query-input\":{\"@type\":\"PropertyValueSpecification\",\"valueRequired\":true,\"valueName\":\"search_term_string\"}}],\"inLanguage\":\"ca\"},{\"@type\":\"Person\",\"@id\":\"https:\/\/www.campus-cerdanya.com\/ca\/#\/schema\/person\/f6abc8bb03d1abe5119440bbd63de01c\",\"name\":\"campus_editor\"}]}<\/script>\n<!-- \/ Yoast SEO plugin. -->","yoast_head_json":{"title":"Ermita de Bell-Lloc per Dorres - Campus Cerdanya","robots":{"index":"index","follow":"follow","max-snippet":"max-snippet:-1","max-image-preview":"max-image-preview:large","max-video-preview":"max-video-preview:-1"},"canonical":"https:\/\/www.campus-cerdanya.com\/ca\/blog\/ermita-de-bell-lloc-per-dorres\/","og_locale":"ca_ES","og_type":"article","og_title":"Ermita de Bell-Lloc per Dorres - Campus Cerdanya","og_description":"FITXA T\u00c8CNICA Sortida i arribada: Dorres (1431 m). Temps de recorregut: 1:30 h de pujada + 0:45 h de baixada. Punt m\u00e9s alt: Cim d&#8217;Argila (1704 [\u2026]","og_url":"https:\/\/www.campus-cerdanya.com\/ca\/blog\/ermita-de-bell-lloc-per-dorres\/","og_site_name":"Campus Cerdanya","article_published_time":"2022-06-21T09:59:12+00:00","article_modified_time":"2022-07-03T10:21:22+00:00","og_image":[{"width":722,"height":576,"url":"https:\/\/www.campus-cerdanya.com\/wp-content\/uploads\/2022\/06\/ermita-bell-lloc-1.jpg","type":"image\/jpeg"}],"author":"campus_editor","twitter_card":"summary_large_image","twitter_misc":{"Escrit per":"campus_editor","Temps estimat de lectura":"4 minuts"},"schema":{"@context":"https:\/\/schema.org","@graph":[{"@type":"WebPage","@id":"https:\/\/www.campus-cerdanya.com\/ca\/blog\/ermita-de-bell-lloc-per-dorres\/","url":"https:\/\/www.campus-cerdanya.com\/ca\/blog\/ermita-de-bell-lloc-per-dorres\/","name":"Ermita de Bell-Lloc per Dorres - Campus Cerdanya","isPartOf":{"@id":"https:\/\/www.campus-cerdanya.com\/ca\/#website"},"primaryImageOfPage":{"@id":"https:\/\/www.campus-cerdanya.com\/ca\/blog\/ermita-de-bell-lloc-per-dorres\/#primaryimage"},"image":{"@id":"https:\/\/www.campus-cerdanya.com\/ca\/blog\/ermita-de-bell-lloc-per-dorres\/#primaryimage"},"thumbnailUrl":"https:\/\/www.campus-cerdanya.com\/wp-content\/uploads\/2022\/06\/ermita-bell-lloc-1.jpg","datePublished":"2022-06-21T09:59:12+00:00","dateModified":"2022-07-03T10:21:22+00:00","author":{"@id":"https:\/\/www.campus-cerdanya.com\/ca\/#\/schema\/person\/f6abc8bb03d1abe5119440bbd63de01c"},"breadcrumb":{"@id":"https:\/\/www.campus-cerdanya.com\/ca\/blog\/ermita-de-bell-lloc-per-dorres\/#breadcrumb"},"inLanguage":"ca","potentialAction":[{"@type":"ReadAction","target":["https:\/\/www.campus-cerdanya.com\/ca\/blog\/ermita-de-bell-lloc-per-dorres\/"]}]},{"@type":"ImageObject","inLanguage":"ca","@id":"https:\/\/www.campus-cerdanya.com\/ca\/blog\/ermita-de-bell-lloc-per-dorres\/#primaryimage","url":"https:\/\/www.campus-cerdanya.com\/wp-content\/uploads\/2022\/06\/ermita-bell-lloc-1.jpg","contentUrl":"https:\/\/www.campus-cerdanya.com\/wp-content\/uploads\/2022\/06\/ermita-bell-lloc-1.jpg","width":722,"height":576},{"@type":"BreadcrumbList","@id":"https:\/\/www.campus-cerdanya.com\/ca\/blog\/ermita-de-bell-lloc-per-dorres\/#breadcrumb","itemListElement":[{"@type":"ListItem","position":1,"name":"Portada","item":"https:\/\/www.campus-cerdanya.com\/ca\/"},{"@type":"ListItem","position":2,"name":"Ermita de Bell-Lloc per Dorres"}]},{"@type":"WebSite","@id":"https:\/\/www.campus-cerdanya.com\/ca\/#website","url":"https:\/\/www.campus-cerdanya.com\/ca\/","name":"Campus Cerdanya","description":"Hotel para grupos, familias y deportistas en los Pirineos.","potentialAction":[{"@type":"SearchAction","target":{"@type":"EntryPoint","urlTemplate":"https:\/\/www.campus-cerdanya.com\/ca\/?s={search_term_string}"},"query-input":{"@type":"PropertyValueSpecification","valueRequired":true,"valueName":"search_term_string"}}],"inLanguage":"ca"},{"@type":"Person","@id":"https:\/\/www.campus-cerdanya.com\/ca\/#\/schema\/person\/f6abc8bb03d1abe5119440bbd63de01c","name":"campus_editor"}]}},"_links":{"self":[{"href":"https:\/\/www.campus-cerdanya.com\/ca\/wp-json\/wp\/v2\/posts\/2035","targetHints":{"allow":["GET"]}}],"collection":[{"href":"https:\/\/www.campus-cerdanya.com\/ca\/wp-json\/wp\/v2\/posts"}],"about":[{"href":"https:\/\/www.campus-cerdanya.com\/ca\/wp-json\/wp\/v2\/types\/post"}],"author":[{"embeddable":true,"href":"https:\/\/www.campus-cerdanya.com\/ca\/wp-json\/wp\/v2\/users\/2"}],"replies":[{"embeddable":true,"href":"https:\/\/www.campus-cerdanya.com\/ca\/wp-json\/wp\/v2\/comments?post=2035"}],"version-history":[{"count":5,"href":"https:\/\/www.campus-cerdanya.com\/ca\/wp-json\/wp\/v2\/posts\/2035\/revisions"}],"predecessor-version":[{"id":2115,"href":"https:\/\/www.campus-cerdanya.com\/ca\/wp-json\/wp\/v2\/posts\/2035\/revisions\/2115"}],"wp:featuredmedia":[{"embeddable":true,"href":"https:\/\/www.campus-cerdanya.com\/ca\/wp-json\/wp\/v2\/media\/2044"}],"wp:attachment":[{"href":"https:\/\/www.campus-cerdanya.com\/ca\/wp-json\/wp\/v2\/media?parent=2035"}],"wp:term":[{"taxonomy":"category","embeddable":true,"href":"https:\/\/www.campus-cerdanya.com\/ca\/wp-json\/wp\/v2\/categories?post=2035"},{"taxonomy":"post_tag","embeddable":true,"href":"https:\/\/www.campus-cerdanya.com\/ca\/wp-json\/wp\/v2\/tags?post=2035"}],"curies":[{"name":"wp","href":"https:\/\/api.w.org\/{rel}","templated":true}]}}