{"id":2006,"date":"2022-04-12T15:51:19","date_gmt":"2022-04-12T15:51:19","guid":{"rendered":"https:\/\/www.campus-cerdanya.com\/?p=2006"},"modified":"2022-04-12T16:46:27","modified_gmt":"2022-04-12T16:46:27","slug":"ous-de-pascua","status":"publish","type":"post","link":"https:\/\/www.campus-cerdanya.com\/ca\/blog\/ous-de-pascua\/","title":{"rendered":"Ous de pascua"},"content":{"rendered":"<p>Una de les activitats\u00a0m\u00e9s\u00a0tradicionals que es pot fer aquests dies de setmana santa amb els nens\u00a0\u00e9s\u00a0decorar ous de pasqua.<br \/>\nAquesta activitat\u00a0\u00e9s\u00a0adient\u00a0per fer estimular\u00a0la creativitat\u00a0i imaginaci\u00f3 dels nens, millorar el seu nivell de concentraci\u00f3, millorar la seva psicomotricitat,\u00a0fomentar el treball en equip i sobretot millorar les relacions familiars.<\/p>\n<p>&nbsp;<\/p>\n<p><strong>Ous de gallina o de porexpan<\/strong><\/p>\n<p>Primer de tot hem de decidir quin tipus d\u2019ou ens interessa mes treballar amb els nens.<\/p>\n<p>Els ous de gallina son el suport m\u00e9s tradicional i conegut\u00a0 per decorar els t\u00edpics ous de pasqua. Hem d\u2019agafar la quantitat d\u2019ous que vulguem decorar i posar-los a bullir. Un cop bullits esperarem a que es refredin. Hem de tenir en compte que els ous de gallina bullits s\u2019han de consumir en un m\u00ednim de 3 dies.<\/p>\n<p>Tamb\u00e9 hi ha la opci\u00f3 de buidar l\u2019ou, una opci\u00f3 mes duradora, per\u00f2 m\u00e9s delicada, ja que si pressionem massa l\u2019ou es podria trencar.<\/p>\n<p>Un\u00a0altra opci\u00f3\u00a0serien els ous de porexpan,\u00a0\u00e9s\u00a0una opci\u00f3 m\u00e9s c\u00f2moda i neta, ja que els colors aguanten millor en la superf\u00edcie, la superf\u00edcie\u00a0\u00e9s\u00a0m\u00e9s\u00a0forta i t\u00e9 m\u00e9s durabilitat.<\/p>\n<p>&nbsp;<\/p>\n<p><strong>Retoladors, pintures, cartolines, cola, etc\u2026. <\/strong><\/p>\n<p>Existeixen tantes t\u00e8cniques per decorar ous com imaginaci\u00f3 tinguin els nens.<br \/>\nL&#8217;opci\u00f3\u00a0m\u00e9s f\u00e0cil\u00a0\u00e9s\u00a0agafar retoladors permanents i fer servir la superf\u00edcie\u00a0de l&#8217;ou\u00a0com si fos un quadre blanc per dibuixar i pintar tot all\u00f2 que ens vingui pel cap:\u00a0ratlles, flors, cares, animals, paisatges,\u00a0etc&#8230;<br \/>\nSi no\u00a0una\u00a0altra opci\u00f3\u00a0seria la pintura acr\u00edlica, amb l&#8217;ajuda d&#8217;un pinzell pots dibuixar o pintar la forma que m\u00e9s ho desitgis, per\u00f2 amb\u00a0cura, ja que\u00a0 haurem d&#8217;esperar entre 1 -3 hores que s\u2019asequi..<br \/>\nUn cop pintats els ous, els nens podran decorar-los amb cartolines, fent formes i enganxant-les en els ous amb cola, utilitzar el\u00a0washi\u00a0tape, la purpurina, plomes, forrar-los amb paper de seda,\u00a0etc&#8230;<\/p>\n<p>&nbsp;<\/p>\n<p>&nbsp;<\/p>\n","protected":false},"excerpt":{"rendered":"<p>Una de les activitats\u00a0m\u00e9s\u00a0tradicionals que es pot fer aquests dies de setmana santa amb els nens\u00a0\u00e9s\u00a0decorar ous de pasqua. Aquesta activitat\u00a0\u00e9s\u00a0adient\u00a0per fer estimular\u00a0la creativitat\u00a0i imaginaci\u00f3 dels<span class=\"excerpt-hellip\"> [\u2026]<\/span><\/p>\n","protected":false},"author":2,"featured_media":2007,"comment_status":"closed","ping_status":"closed","sticky":false,"template":"","format":"standard","meta":{"_acf_changed":false,"footnotes":""},"categories":[],"tags":[],"class_list":["post-2006","post","type-post","status-publish","format-standard","has-post-thumbnail","hentry"],"acf":[],"yoast_head":"<!-- This site is optimized with the Yoast SEO plugin v24.2 - https:\/\/yoast.com\/wordpress\/plugins\/seo\/ -->\n<title>Ous de pascua - Campus Cerdanya<\/title>\n<meta name=\"robots\" content=\"index, follow, max-snippet:-1, max-image-preview:large, max-video-preview:-1\" \/>\n<link rel=\"canonical\" href=\"https:\/\/www.campus-cerdanya.com\/ca\/blog\/ous-de-pascua\/\" \/>\n<meta property=\"og:locale\" content=\"ca_ES\" \/>\n<meta property=\"og:type\" content=\"article\" \/>\n<meta property=\"og:title\" content=\"Ous de pascua - Campus Cerdanya\" \/>\n<meta property=\"og:description\" content=\"Una de les activitats\u00a0m\u00e9s\u00a0tradicionals que es pot fer aquests dies de setmana santa amb els nens\u00a0\u00e9s\u00a0decorar ous de pasqua. Aquesta activitat\u00a0\u00e9s\u00a0adient\u00a0per fer estimular\u00a0la creativitat\u00a0i imaginaci\u00f3 dels [\u2026]\" \/>\n<meta property=\"og:url\" content=\"https:\/\/www.campus-cerdanya.com\/ca\/blog\/ous-de-pascua\/\" \/>\n<meta property=\"og:site_name\" content=\"Campus Cerdanya\" \/>\n<meta property=\"article:published_time\" content=\"2022-04-12T15:51:19+00:00\" \/>\n<meta property=\"article:modified_time\" content=\"2022-04-12T16:46:27+00:00\" \/>\n<meta property=\"og:image\" content=\"https:\/\/www.campus-cerdanya.com\/wp-content\/uploads\/2022\/04\/pascua.jpg\" \/>\n\t<meta property=\"og:image:width\" content=\"563\" \/>\n\t<meta property=\"og:image:height\" content=\"449\" \/>\n\t<meta property=\"og:image:type\" content=\"image\/jpeg\" \/>\n<meta name=\"author\" content=\"campus_editor\" \/>\n<meta name=\"twitter:card\" content=\"summary_large_image\" \/>\n<meta name=\"twitter:label1\" content=\"Escrit per\" \/>\n\t<meta name=\"twitter:data1\" content=\"campus_editor\" \/>\n\t<meta name=\"twitter:label2\" content=\"Temps estimat de lectura\" \/>\n\t<meta name=\"twitter:data2\" content=\"2 minuts\" \/>\n<script type=\"application\/ld+json\" class=\"yoast-schema-graph\">{\"@context\":\"https:\/\/schema.org\",\"@graph\":[{\"@type\":\"WebPage\",\"@id\":\"https:\/\/www.campus-cerdanya.com\/ca\/blog\/ous-de-pascua\/\",\"url\":\"https:\/\/www.campus-cerdanya.com\/ca\/blog\/ous-de-pascua\/\",\"name\":\"Ous de pascua - Campus Cerdanya\",\"isPartOf\":{\"@id\":\"https:\/\/www.campus-cerdanya.com\/ca\/#website\"},\"primaryImageOfPage\":{\"@id\":\"https:\/\/www.campus-cerdanya.com\/ca\/blog\/ous-de-pascua\/#primaryimage\"},\"image\":{\"@id\":\"https:\/\/www.campus-cerdanya.com\/ca\/blog\/ous-de-pascua\/#primaryimage\"},\"thumbnailUrl\":\"https:\/\/www.campus-cerdanya.com\/wp-content\/uploads\/2022\/04\/pascua.jpg\",\"datePublished\":\"2022-04-12T15:51:19+00:00\",\"dateModified\":\"2022-04-12T16:46:27+00:00\",\"author\":{\"@id\":\"https:\/\/www.campus-cerdanya.com\/ca\/#\/schema\/person\/f6abc8bb03d1abe5119440bbd63de01c\"},\"breadcrumb\":{\"@id\":\"https:\/\/www.campus-cerdanya.com\/ca\/blog\/ous-de-pascua\/#breadcrumb\"},\"inLanguage\":\"ca\",\"potentialAction\":[{\"@type\":\"ReadAction\",\"target\":[\"https:\/\/www.campus-cerdanya.com\/ca\/blog\/ous-de-pascua\/\"]}]},{\"@type\":\"ImageObject\",\"inLanguage\":\"ca\",\"@id\":\"https:\/\/www.campus-cerdanya.com\/ca\/blog\/ous-de-pascua\/#primaryimage\",\"url\":\"https:\/\/www.campus-cerdanya.com\/wp-content\/uploads\/2022\/04\/pascua.jpg\",\"contentUrl\":\"https:\/\/www.campus-cerdanya.com\/wp-content\/uploads\/2022\/04\/pascua.jpg\",\"width\":563,\"height\":449,\"caption\":\"{\\\"key\\\":\\\"f2\\\"}\"},{\"@type\":\"BreadcrumbList\",\"@id\":\"https:\/\/www.campus-cerdanya.com\/ca\/blog\/ous-de-pascua\/#breadcrumb\",\"itemListElement\":[{\"@type\":\"ListItem\",\"position\":1,\"name\":\"Portada\",\"item\":\"https:\/\/www.campus-cerdanya.com\/ca\/\"},{\"@type\":\"ListItem\",\"position\":2,\"name\":\"Ous de pascua\"}]},{\"@type\":\"WebSite\",\"@id\":\"https:\/\/www.campus-cerdanya.com\/ca\/#website\",\"url\":\"https:\/\/www.campus-cerdanya.com\/ca\/\",\"name\":\"Campus Cerdanya\",\"description\":\"Hotel para grupos, familias y deportistas en los Pirineos.\",\"potentialAction\":[{\"@type\":\"SearchAction\",\"target\":{\"@type\":\"EntryPoint\",\"urlTemplate\":\"https:\/\/www.campus-cerdanya.com\/ca\/?s={search_term_string}\"},\"query-input\":{\"@type\":\"PropertyValueSpecification\",\"valueRequired\":true,\"valueName\":\"search_term_string\"}}],\"inLanguage\":\"ca\"},{\"@type\":\"Person\",\"@id\":\"https:\/\/www.campus-cerdanya.com\/ca\/#\/schema\/person\/f6abc8bb03d1abe5119440bbd63de01c\",\"name\":\"campus_editor\"}]}<\/script>\n<!-- \/ Yoast SEO plugin. -->","yoast_head_json":{"title":"Ous de pascua - Campus Cerdanya","robots":{"index":"index","follow":"follow","max-snippet":"max-snippet:-1","max-image-preview":"max-image-preview:large","max-video-preview":"max-video-preview:-1"},"canonical":"https:\/\/www.campus-cerdanya.com\/ca\/blog\/ous-de-pascua\/","og_locale":"ca_ES","og_type":"article","og_title":"Ous de pascua - Campus Cerdanya","og_description":"Una de les activitats\u00a0m\u00e9s\u00a0tradicionals que es pot fer aquests dies de setmana santa amb els nens\u00a0\u00e9s\u00a0decorar ous de pasqua. Aquesta activitat\u00a0\u00e9s\u00a0adient\u00a0per fer estimular\u00a0la creativitat\u00a0i imaginaci\u00f3 dels [\u2026]","og_url":"https:\/\/www.campus-cerdanya.com\/ca\/blog\/ous-de-pascua\/","og_site_name":"Campus Cerdanya","article_published_time":"2022-04-12T15:51:19+00:00","article_modified_time":"2022-04-12T16:46:27+00:00","og_image":[{"width":563,"height":449,"url":"https:\/\/www.campus-cerdanya.com\/wp-content\/uploads\/2022\/04\/pascua.jpg","type":"image\/jpeg"}],"author":"campus_editor","twitter_card":"summary_large_image","twitter_misc":{"Escrit per":"campus_editor","Temps estimat de lectura":"2 minuts"},"schema":{"@context":"https:\/\/schema.org","@graph":[{"@type":"WebPage","@id":"https:\/\/www.campus-cerdanya.com\/ca\/blog\/ous-de-pascua\/","url":"https:\/\/www.campus-cerdanya.com\/ca\/blog\/ous-de-pascua\/","name":"Ous de pascua - Campus Cerdanya","isPartOf":{"@id":"https:\/\/www.campus-cerdanya.com\/ca\/#website"},"primaryImageOfPage":{"@id":"https:\/\/www.campus-cerdanya.com\/ca\/blog\/ous-de-pascua\/#primaryimage"},"image":{"@id":"https:\/\/www.campus-cerdanya.com\/ca\/blog\/ous-de-pascua\/#primaryimage"},"thumbnailUrl":"https:\/\/www.campus-cerdanya.com\/wp-content\/uploads\/2022\/04\/pascua.jpg","datePublished":"2022-04-12T15:51:19+00:00","dateModified":"2022-04-12T16:46:27+00:00","author":{"@id":"https:\/\/www.campus-cerdanya.com\/ca\/#\/schema\/person\/f6abc8bb03d1abe5119440bbd63de01c"},"breadcrumb":{"@id":"https:\/\/www.campus-cerdanya.com\/ca\/blog\/ous-de-pascua\/#breadcrumb"},"inLanguage":"ca","potentialAction":[{"@type":"ReadAction","target":["https:\/\/www.campus-cerdanya.com\/ca\/blog\/ous-de-pascua\/"]}]},{"@type":"ImageObject","inLanguage":"ca","@id":"https:\/\/www.campus-cerdanya.com\/ca\/blog\/ous-de-pascua\/#primaryimage","url":"https:\/\/www.campus-cerdanya.com\/wp-content\/uploads\/2022\/04\/pascua.jpg","contentUrl":"https:\/\/www.campus-cerdanya.com\/wp-content\/uploads\/2022\/04\/pascua.jpg","width":563,"height":449,"caption":"{\"key\":\"f2\"}"},{"@type":"BreadcrumbList","@id":"https:\/\/www.campus-cerdanya.com\/ca\/blog\/ous-de-pascua\/#breadcrumb","itemListElement":[{"@type":"ListItem","position":1,"name":"Portada","item":"https:\/\/www.campus-cerdanya.com\/ca\/"},{"@type":"ListItem","position":2,"name":"Ous de pascua"}]},{"@type":"WebSite","@id":"https:\/\/www.campus-cerdanya.com\/ca\/#website","url":"https:\/\/www.campus-cerdanya.com\/ca\/","name":"Campus Cerdanya","description":"Hotel para grupos, familias y deportistas en los Pirineos.","potentialAction":[{"@type":"SearchAction","target":{"@type":"EntryPoint","urlTemplate":"https:\/\/www.campus-cerdanya.com\/ca\/?s={search_term_string}"},"query-input":{"@type":"PropertyValueSpecification","valueRequired":true,"valueName":"search_term_string"}}],"inLanguage":"ca"},{"@type":"Person","@id":"https:\/\/www.campus-cerdanya.com\/ca\/#\/schema\/person\/f6abc8bb03d1abe5119440bbd63de01c","name":"campus_editor"}]}},"_links":{"self":[{"href":"https:\/\/www.campus-cerdanya.com\/ca\/wp-json\/wp\/v2\/posts\/2006","targetHints":{"allow":["GET"]}}],"collection":[{"href":"https:\/\/www.campus-cerdanya.com\/ca\/wp-json\/wp\/v2\/posts"}],"about":[{"href":"https:\/\/www.campus-cerdanya.com\/ca\/wp-json\/wp\/v2\/types\/post"}],"author":[{"embeddable":true,"href":"https:\/\/www.campus-cerdanya.com\/ca\/wp-json\/wp\/v2\/users\/2"}],"replies":[{"embeddable":true,"href":"https:\/\/www.campus-cerdanya.com\/ca\/wp-json\/wp\/v2\/comments?post=2006"}],"version-history":[{"count":2,"href":"https:\/\/www.campus-cerdanya.com\/ca\/wp-json\/wp\/v2\/posts\/2006\/revisions"}],"predecessor-version":[{"id":2028,"href":"https:\/\/www.campus-cerdanya.com\/ca\/wp-json\/wp\/v2\/posts\/2006\/revisions\/2028"}],"wp:featuredmedia":[{"embeddable":true,"href":"https:\/\/www.campus-cerdanya.com\/ca\/wp-json\/wp\/v2\/media\/2007"}],"wp:attachment":[{"href":"https:\/\/www.campus-cerdanya.com\/ca\/wp-json\/wp\/v2\/media?parent=2006"}],"wp:term":[{"taxonomy":"category","embeddable":true,"href":"https:\/\/www.campus-cerdanya.com\/ca\/wp-json\/wp\/v2\/categories?post=2006"},{"taxonomy":"post_tag","embeddable":true,"href":"https:\/\/www.campus-cerdanya.com\/ca\/wp-json\/wp\/v2\/tags?post=2006"}],"curies":[{"name":"wp","href":"https:\/\/api.w.org\/{rel}","templated":true}]}}