{"id":1721,"date":"2021-07-02T17:58:24","date_gmt":"2021-07-02T17:58:24","guid":{"rendered":"https:\/\/www.campus-cerdanya.com\/?p=1721"},"modified":"2021-07-06T11:00:39","modified_gmt":"2021-07-06T11:00:39","slug":"passejada-arqueologica-pels-voltants-deina-eyne","status":"publish","type":"post","link":"https:\/\/www.campus-cerdanya.com\/ca\/blog\/passejada-arqueologica-pels-voltants-deina-eyne\/","title":{"rendered":"Passejada arqueol\u00f2gica pels voltants d\u2019Eina (Eyne)."},"content":{"rendered":"<p><strong>Aquesta passejada arqueol\u00f2gica va \u00e9sser creada l\u2019any 1988 pel Grup de Recerques Arqueol\u00f2giques i Hist\u00f2riques de la Cerdanya al poble d\u2019Eina, per donar a con\u00e8ixer els vestigis de la prehist\u00f2ria a la nostra Vall. Durant el recorregut podrem veure diferents d\u00f2lmens, cofres, assentaments, menhir, pont megal\u00edtic i fins hi tot un pont de l\u2019\u00e8poca medieval tot seguint algun tram de cam\u00ed Ral i antiga via romana, en definitiva, camins plens d\u2019hist\u00f2ria. No molt lluny d\u2019aquest recorregut hi ha la coneguda Vall d\u2019Eina, parad\u00eds dels bot\u00e0nics durant l\u2019\u00e8poca de m\u00e0xima floraci\u00f3 al mes de juny. Tamb\u00e9 \u00e9s cam\u00ed de pas de grans travesses fins a N\u00faria (Ripoll\u00e9s) tot i seguint el curs del riu.<\/strong><\/p>\n<p>Aquesta passejada arqueol\u00f2gica va \u00e9sser creada l\u2019any 1988 pel Grup de Recerques Arqueol\u00f2giques i Hist\u00f2riques de la Cerdanya.<\/p>\n<ul>\n<li>Durada: 2.05 h<\/li>\n<li>Desnivell: 100 m<\/li>\n<li>Senyalitzaci\u00f3: PR (Senyals grocs) i GR local &#8211; Ronda de Cerdanya (vermell\/groc).<\/li>\n<li>Acc\u00e9s: Anem fins a Sallagosa, i a uns 5 km en direcci\u00f3 a Mont-Louis trobem un senyal a la dreta on indica Eina (Eyne \u2013 D-29)<\/li>\n<\/ul>\n<p>&nbsp;<\/p>\n<p>0.00\u2019 El punt de partida el situem a la Casa de la Muntanya (Masia &#8211; Museu Cal Martinet), davant d\u2019un centre h\u00edpic. Trobarem en una torreta el\u00e8ctrica de formig\u00f3 un cartell corresponent a la nostra passejada. Pugem una mica m\u00e9s pel carrer Major i girem en el primer carrer a l\u2019esquerra girem (cartell i senyals de color vermell i groc). Anem pel \u201ccarrer del Carreter\u201d i seguim fins que arribem a un cam\u00ed de terra: el Cam\u00ed de Bolquera. Al cap d\u2019uns 300 m trobem un petit rierol.<\/p>\n<p>&nbsp;<\/p>\n<p>0.10\u2019 Travessem el rierol. Al cap de poc el sender arriba a un petit altipl\u00e0 des del qual gaudim d\u2019una bona perspectiva vers el Mass\u00eds del Carlit, la Vall del Querol i el mass\u00eds del Cambre d\u2019Ase darrere nostre. Trobem un cartell senyalitzant el \u201cDolmen de la Pou\u201d. Aviat comen\u00e7arem a veure monticles gran\u00edtics dispersos sobre el conjunt del territori al peu dels quals els arque\u00f2legs han trobat nombrosos testos de terrissa de l\u2019Edat de Ferro. Deixem el cam\u00ed principal per agafar un sender ben marcat a la dreta i en 30 m aproximadament, just al peu d\u2019un petit monticle gran\u00edtic trobem el primer dolmen.<\/p>\n<p>&nbsp;<\/p>\n<p>0.15\u2019 Dolmen de la Pou. Aquest dolmen, excavat durant els anys 80, \u00e9s un petit cofre megal\u00edtic (2.200 a C), sense pedra plana de cobertura i que ha estat utilitzat dues vegades. Remarquem al fons unes pedres planes horitzontals. Al seu interior han estat trobades restes d\u2019ossamentes humanes.\u00a0 Tornem de nou al cam\u00ed principal i seguim uns 400 m fins a trobar-nos una cru\u00eflla senyalitzada amb un cartell i senyals grocs. Hem arribat a la Via antiga.<\/p>\n<p>&nbsp;<\/p>\n<p>0.25\u2019 Cru\u00eflla. Seguim les indicacions a l\u2019esquerra per anar per la Via antiga. Aquesta ruta \u00e9s una de les m\u00e9s antigues de la Cerdanya, que enlla\u00e7ava, probablement ja en \u00e8poca romana, el Rossell\u00f3 amb la Cerdanya, i condu\u00efa cap a Lleida pel congost de la Seu d\u2019Urgell. Baixem uns 50 m per aquest cam\u00ed fins a trobar un cartell a la dreta que indica el \u201cDolmen dels Pasquerets\u201d. Seguim a la dreta al llarg de la tanca, i despr\u00e9s d\u2019un curt pendent arribem al dolmen.<\/p>\n<p>&nbsp;<\/p>\n<p>0.35\u2019 Dolmen dels Pasquerets. Plantat al bell mig d\u2019un petit tur\u00f3. En aquest monument megal\u00edtic han estat trobades nombroses perles d\u2019esteatita i de pasta de vidre, i vestigis de collarets que guarnien el difunt. Anem a retrobar el cam\u00ed i continuem per la via antiga tot seguint la senyalitzaci\u00f3. Cal anar en compte quan estem a punt d\u2019arribar al riu, ja que trobarem un sender molt marcat i amb una creu groga sobre una pedra a l\u2019esquerra que no hem d\u2019agafar. Seguim pel cam\u00ed principal fins a trobar el pont.<\/p>\n<p>&nbsp;<\/p>\n<p>0.50\u2019 Arribem a una passarel\u00b7la de fusta. Es tracta del pont medieval que ens permetr\u00e0 creuar el riu d\u2019Eina. A pocs metres a l\u2019esquerra trobem un cartell que ens informa sobre la direcci\u00f3 de la passejada. Nosaltres seguim ara cap al pont megal\u00edtic, a uns 30 m aproximadament d\u2019aquest punt. Cal fer molta atenci\u00f3, ja que queda molt ben integrat amb el cam\u00ed. Si us serveix de refer\u00e8ncia, pocs metres enll\u00e0 del pont trobem un gran bloc de pedra de granit partit en dos. Reculem i reprenem el cam\u00ed per on hem passat abans, ara a la nostra dreta (el cartell de l\u2019entrada indica \u201c<em>fin de parcours<\/em>\u201d). Aquest petit sender que puja tot travessant un canal d\u2019aigua, voreja un bosc de bedolls i ens dur\u00e0 fins a la carretera D-29.<\/p>\n<p>&nbsp;<\/p>\n<p>1.25\u2019 Cru\u00eflla amb la carretera D-29. Seguint cap a la dreta, trobarem senyalitzacions al marge esquerra de la carretera. Prosseguim per aquesta via asfaltada i a uns 50 metres, prenem un cam\u00ed de terra que surt a m\u00e0 esquerra (a l\u2019entrada trobareu un piquet de fusta i senyals grocs). Just despr\u00e9s del petit bosc, apareix el menhir a l\u2019esquerra. Seguim un corriol ben tra\u00e7at davant del cartell informatiu.<\/p>\n<p>&nbsp;<\/p>\n<p>1.35\u2019 Menhir. Mon\u00f2lit vinculat amb el culte a l\u2019aigua, la terra i la fertilitat. Anem a retrobar de nou el cam\u00ed principal, que discorre entre camps i petits caos gran\u00edtics. Al principi fa una lleugera pujada, per\u00f2 despr\u00e9s puja suaument i a poc a poc va girant cap a l\u2019esquerra. A les cru\u00eflles o llocs que poden\u00a0 portar a confusi\u00f3, cal que ens fixem en els piquets de fusta amb senyals grocs que ens indiquen la direcci\u00f3 correcta.<\/p>\n<p>&nbsp;<\/p>\n<p style=\"text-align: center;\"><img fetchpriority=\"high\" decoding=\"async\" class=\"size-medium wp-image-1739 aligncenter\" src=\"https:\/\/www.campus-cerdanya.com\/wp-content\/uploads\/2021\/07\/f30b13dbc9baa4ae74c2b2e4793f3bab48dcf1039e825a664b46042eefad0e95.0-300x240.jpg\" alt=\"\" width=\"300\" height=\"240\" srcset=\"https:\/\/www.campus-cerdanya.com\/wp-content\/uploads\/2021\/07\/f30b13dbc9baa4ae74c2b2e4793f3bab48dcf1039e825a664b46042eefad0e95.0-300x240.jpg 300w, https:\/\/www.campus-cerdanya.com\/wp-content\/uploads\/2021\/07\/f30b13dbc9baa4ae74c2b2e4793f3bab48dcf1039e825a664b46042eefad0e95.0-183x146.jpg 183w, https:\/\/www.campus-cerdanya.com\/wp-content\/uploads\/2021\/07\/f30b13dbc9baa4ae74c2b2e4793f3bab48dcf1039e825a664b46042eefad0e95.0-50x40.jpg 50w, https:\/\/www.campus-cerdanya.com\/wp-content\/uploads\/2021\/07\/f30b13dbc9baa4ae74c2b2e4793f3bab48dcf1039e825a664b46042eefad0e95.0-94x75.jpg 94w, https:\/\/www.campus-cerdanya.com\/wp-content\/uploads\/2021\/07\/f30b13dbc9baa4ae74c2b2e4793f3bab48dcf1039e825a664b46042eefad0e95.0.jpg 640w\" sizes=\"(max-width:767px) 300px, 300px\" \/><strong> Imatge 1:<\/strong> Mon\u00f2lit.<\/p>\n<p>&nbsp;<\/p>\n<p>1.55\u2019 Arribem a la zona del Pla del Bach (indicat amb un cartell groc). Es tracta d\u2019un paratge arqueol\u00f2gic que data del 3300 a. C. i que es pot considerar com un dels primers senyals d\u2019ocupaci\u00f3 humana temporal a la Cerdanya. Ho identificarem per una gran roca de granit tancada per una tela met\u00e0l\u00b7lica. Reculem i trobarem un piquet de fusta rere del cartell informatiu, que ens indica la direcci\u00f3 correcta tot vorejant el marge del camp uns 100 m fins que arribem a un repetidor de televisi\u00f3.<\/p>\n<p>&nbsp;<\/p>\n<p>2.00\u2019 Repetidor de televisi\u00f3. R\u00e8tol de la passejada. Agafem el petit sender que baixa cap a la dreta amb fort pendent fins arribar al poble.<\/p>\n<p>&nbsp;<\/p>\n<p>2.05\u2019 Arribem a la \u201cCasa de la muntanya\u201d, punt de partida d\u2019aquesta excursi\u00f3.<\/p>\n<p>&nbsp;<\/p>\n<p>* Nota: \u00c9s important dur un bon cal\u00e7at ja que en molts punts, i sobretot a la primera meitat de l\u2019excursi\u00f3, circula molta aigua pels camins.<\/p>\n<p>&nbsp;<\/p>\n<h2><a name=\"_Toc8477780\"><\/a><a name=\"_Toc8630893\"><\/a><a name=\"_Toc14153390\"><\/a><strong>E<\/strong><strong>INA<\/strong><\/h2>\n<p>Altitud: 1.592 m.<\/p>\n<p>&nbsp;<\/p>\n<p>L&#8217;ocupaci\u00f3 del terme data, almenys, del IV mileni aC., del qual s&#8217;han localitzat un petit campament i alguns meg\u00e0lits datats entre el 2200 i el 1500 aC.<\/p>\n<p>&nbsp;<\/p>\n<p>A l\u2019abric del Cambre d\u2019Ase i de la serra del Puigmal, Eina \u00e9s un poble t\u00edpic cerd\u00e0 que va cr\u00e9ixer a l\u2019entorn de la seva esgl\u00e9sia. Hi havia la mareded\u00e9u rom\u00e0nica, miraculosa del Remei, avui manllevada.<\/p>\n<p>Eina \u00e9s una de les bones estacions d\u2019esports d\u2019hivern de la Cerdanya, gr\u00e0cies a una neu de gran qualitat.<\/p>\n<p>&nbsp;<\/p>\n<p style=\"text-align: center;\"><img decoding=\"async\" class=\"size-full wp-image-1732 aligncenter\" src=\"https:\/\/www.campus-cerdanya.com\/wp-content\/uploads\/2021\/07\/646d9c97d3ed435e5b7d700246210fd1f734d238662859f0288fd4f4631d5e28.0.jpg\" alt=\"\" width=\"300\" height=\"240\" srcset=\"https:\/\/www.campus-cerdanya.com\/wp-content\/uploads\/2021\/07\/646d9c97d3ed435e5b7d700246210fd1f734d238662859f0288fd4f4631d5e28.0.jpg 300w, https:\/\/www.campus-cerdanya.com\/wp-content\/uploads\/2021\/07\/646d9c97d3ed435e5b7d700246210fd1f734d238662859f0288fd4f4631d5e28.0-183x146.jpg 183w, https:\/\/www.campus-cerdanya.com\/wp-content\/uploads\/2021\/07\/646d9c97d3ed435e5b7d700246210fd1f734d238662859f0288fd4f4631d5e28.0-50x40.jpg 50w, https:\/\/www.campus-cerdanya.com\/wp-content\/uploads\/2021\/07\/646d9c97d3ed435e5b7d700246210fd1f734d238662859f0288fd4f4631d5e28.0-94x75.jpg 94w\" sizes=\"(max-width:767px) 300px, 300px\" \/><strong>Imatge 2:<\/strong> Poble d&#8217;Eina.<\/p>\n<p>&nbsp;<\/p>\n<p>&nbsp;<\/p>\n<p>&nbsp;<\/p>\n<p>&nbsp;<\/p>\n<p style=\"text-align: right;\"><strong>Joan Carles Mart\u00ednez<\/strong><\/p>\n<p style=\"text-align: right;\"><strong>Campus Cerdanya\u00a0<\/strong><\/p>\n","protected":false},"excerpt":{"rendered":"<p>Aquesta passejada arqueol\u00f2gica va \u00e9sser creada l\u2019any 1988 pel Grup de Recerques Arqueol\u00f2giques i Hist\u00f2riques de la Cerdanya al poble d\u2019Eina, per donar a con\u00e8ixer els<span class=\"excerpt-hellip\"> [\u2026]<\/span><\/p>\n","protected":false},"author":2,"featured_media":1735,"comment_status":"closed","ping_status":"closed","sticky":false,"template":"","format":"standard","meta":{"_acf_changed":false,"footnotes":""},"categories":[34],"tags":[],"class_list":["post-1721","post","type-post","status-publish","format-standard","has-post-thumbnail","hentry","category-excursions"],"acf":[],"yoast_head":"<!-- This site is optimized with the Yoast SEO plugin v24.2 - https:\/\/yoast.com\/wordpress\/plugins\/seo\/ -->\n<title>Passejada arqueol\u00f2gica pels voltants d\u2019Eina (Eyne). - Campus Cerdanya<\/title>\n<meta name=\"robots\" content=\"index, follow, max-snippet:-1, max-image-preview:large, max-video-preview:-1\" \/>\n<link rel=\"canonical\" href=\"https:\/\/www.campus-cerdanya.com\/ca\/blog\/passejada-arqueologica-pels-voltants-deina-eyne\/\" \/>\n<meta property=\"og:locale\" content=\"ca_ES\" \/>\n<meta property=\"og:type\" content=\"article\" \/>\n<meta property=\"og:title\" content=\"Passejada arqueol\u00f2gica pels voltants d\u2019Eina (Eyne). - Campus Cerdanya\" \/>\n<meta property=\"og:description\" content=\"Aquesta passejada arqueol\u00f2gica va \u00e9sser creada l\u2019any 1988 pel Grup de Recerques Arqueol\u00f2giques i Hist\u00f2riques de la Cerdanya al poble d\u2019Eina, per donar a con\u00e8ixer els [\u2026]\" \/>\n<meta property=\"og:url\" content=\"https:\/\/www.campus-cerdanya.com\/ca\/blog\/passejada-arqueologica-pels-voltants-deina-eyne\/\" \/>\n<meta property=\"og:site_name\" content=\"Campus Cerdanya\" \/>\n<meta property=\"article:published_time\" content=\"2021-07-02T17:58:24+00:00\" \/>\n<meta property=\"article:modified_time\" content=\"2021-07-06T11:00:39+00:00\" \/>\n<meta property=\"og:image\" content=\"https:\/\/www.campus-cerdanya.com\/wp-content\/uploads\/2021\/07\/c3638af39f059ad04d2a2c6fdfcdcabcf2590940f512516a8650c1a0b2f6d87b.0.jpg\" \/>\n\t<meta property=\"og:image:width\" content=\"600\" \/>\n\t<meta property=\"og:image:height\" content=\"480\" \/>\n\t<meta property=\"og:image:type\" content=\"image\/jpeg\" \/>\n<meta name=\"author\" content=\"campus_editor\" \/>\n<meta name=\"twitter:card\" content=\"summary_large_image\" \/>\n<meta name=\"twitter:label1\" content=\"Escrit per\" \/>\n\t<meta name=\"twitter:data1\" content=\"campus_editor\" \/>\n\t<meta name=\"twitter:label2\" content=\"Temps estimat de lectura\" \/>\n\t<meta name=\"twitter:data2\" content=\"6 minuts\" \/>\n<script type=\"application\/ld+json\" class=\"yoast-schema-graph\">{\"@context\":\"https:\/\/schema.org\",\"@graph\":[{\"@type\":\"WebPage\",\"@id\":\"https:\/\/www.campus-cerdanya.com\/ca\/blog\/passejada-arqueologica-pels-voltants-deina-eyne\/\",\"url\":\"https:\/\/www.campus-cerdanya.com\/ca\/blog\/passejada-arqueologica-pels-voltants-deina-eyne\/\",\"name\":\"Passejada arqueol\u00f2gica pels voltants d\u2019Eina (Eyne). - Campus Cerdanya\",\"isPartOf\":{\"@id\":\"https:\/\/www.campus-cerdanya.com\/ca\/#website\"},\"primaryImageOfPage\":{\"@id\":\"https:\/\/www.campus-cerdanya.com\/ca\/blog\/passejada-arqueologica-pels-voltants-deina-eyne\/#primaryimage\"},\"image\":{\"@id\":\"https:\/\/www.campus-cerdanya.com\/ca\/blog\/passejada-arqueologica-pels-voltants-deina-eyne\/#primaryimage\"},\"thumbnailUrl\":\"https:\/\/www.campus-cerdanya.com\/wp-content\/uploads\/2021\/07\/c3638af39f059ad04d2a2c6fdfcdcabcf2590940f512516a8650c1a0b2f6d87b.0.jpg\",\"datePublished\":\"2021-07-02T17:58:24+00:00\",\"dateModified\":\"2021-07-06T11:00:39+00:00\",\"author\":{\"@id\":\"https:\/\/www.campus-cerdanya.com\/ca\/#\/schema\/person\/f6abc8bb03d1abe5119440bbd63de01c\"},\"breadcrumb\":{\"@id\":\"https:\/\/www.campus-cerdanya.com\/ca\/blog\/passejada-arqueologica-pels-voltants-deina-eyne\/#breadcrumb\"},\"inLanguage\":\"ca\",\"potentialAction\":[{\"@type\":\"ReadAction\",\"target\":[\"https:\/\/www.campus-cerdanya.com\/ca\/blog\/passejada-arqueologica-pels-voltants-deina-eyne\/\"]}]},{\"@type\":\"ImageObject\",\"inLanguage\":\"ca\",\"@id\":\"https:\/\/www.campus-cerdanya.com\/ca\/blog\/passejada-arqueologica-pels-voltants-deina-eyne\/#primaryimage\",\"url\":\"https:\/\/www.campus-cerdanya.com\/wp-content\/uploads\/2021\/07\/c3638af39f059ad04d2a2c6fdfcdcabcf2590940f512516a8650c1a0b2f6d87b.0.jpg\",\"contentUrl\":\"https:\/\/www.campus-cerdanya.com\/wp-content\/uploads\/2021\/07\/c3638af39f059ad04d2a2c6fdfcdcabcf2590940f512516a8650c1a0b2f6d87b.0.jpg\",\"width\":600,\"height\":480,\"caption\":\"{\\\"key\\\":\\\"f2\\\"}\"},{\"@type\":\"BreadcrumbList\",\"@id\":\"https:\/\/www.campus-cerdanya.com\/ca\/blog\/passejada-arqueologica-pels-voltants-deina-eyne\/#breadcrumb\",\"itemListElement\":[{\"@type\":\"ListItem\",\"position\":1,\"name\":\"Portada\",\"item\":\"https:\/\/www.campus-cerdanya.com\/ca\/\"},{\"@type\":\"ListItem\",\"position\":2,\"name\":\"Passejada arqueol\u00f2gica pels voltants d\u2019Eina (Eyne).\"}]},{\"@type\":\"WebSite\",\"@id\":\"https:\/\/www.campus-cerdanya.com\/ca\/#website\",\"url\":\"https:\/\/www.campus-cerdanya.com\/ca\/\",\"name\":\"Campus Cerdanya\",\"description\":\"Hotel para grupos, familias y deportistas en los Pirineos.\",\"potentialAction\":[{\"@type\":\"SearchAction\",\"target\":{\"@type\":\"EntryPoint\",\"urlTemplate\":\"https:\/\/www.campus-cerdanya.com\/ca\/?s={search_term_string}\"},\"query-input\":{\"@type\":\"PropertyValueSpecification\",\"valueRequired\":true,\"valueName\":\"search_term_string\"}}],\"inLanguage\":\"ca\"},{\"@type\":\"Person\",\"@id\":\"https:\/\/www.campus-cerdanya.com\/ca\/#\/schema\/person\/f6abc8bb03d1abe5119440bbd63de01c\",\"name\":\"campus_editor\"}]}<\/script>\n<!-- \/ Yoast SEO plugin. -->","yoast_head_json":{"title":"Passejada arqueol\u00f2gica pels voltants d\u2019Eina (Eyne). - Campus Cerdanya","robots":{"index":"index","follow":"follow","max-snippet":"max-snippet:-1","max-image-preview":"max-image-preview:large","max-video-preview":"max-video-preview:-1"},"canonical":"https:\/\/www.campus-cerdanya.com\/ca\/blog\/passejada-arqueologica-pels-voltants-deina-eyne\/","og_locale":"ca_ES","og_type":"article","og_title":"Passejada arqueol\u00f2gica pels voltants d\u2019Eina (Eyne). - Campus Cerdanya","og_description":"Aquesta passejada arqueol\u00f2gica va \u00e9sser creada l\u2019any 1988 pel Grup de Recerques Arqueol\u00f2giques i Hist\u00f2riques de la Cerdanya al poble d\u2019Eina, per donar a con\u00e8ixer els [\u2026]","og_url":"https:\/\/www.campus-cerdanya.com\/ca\/blog\/passejada-arqueologica-pels-voltants-deina-eyne\/","og_site_name":"Campus Cerdanya","article_published_time":"2021-07-02T17:58:24+00:00","article_modified_time":"2021-07-06T11:00:39+00:00","og_image":[{"width":600,"height":480,"url":"https:\/\/www.campus-cerdanya.com\/wp-content\/uploads\/2021\/07\/c3638af39f059ad04d2a2c6fdfcdcabcf2590940f512516a8650c1a0b2f6d87b.0.jpg","type":"image\/jpeg"}],"author":"campus_editor","twitter_card":"summary_large_image","twitter_misc":{"Escrit per":"campus_editor","Temps estimat de lectura":"6 minuts"},"schema":{"@context":"https:\/\/schema.org","@graph":[{"@type":"WebPage","@id":"https:\/\/www.campus-cerdanya.com\/ca\/blog\/passejada-arqueologica-pels-voltants-deina-eyne\/","url":"https:\/\/www.campus-cerdanya.com\/ca\/blog\/passejada-arqueologica-pels-voltants-deina-eyne\/","name":"Passejada arqueol\u00f2gica pels voltants d\u2019Eina (Eyne). - Campus Cerdanya","isPartOf":{"@id":"https:\/\/www.campus-cerdanya.com\/ca\/#website"},"primaryImageOfPage":{"@id":"https:\/\/www.campus-cerdanya.com\/ca\/blog\/passejada-arqueologica-pels-voltants-deina-eyne\/#primaryimage"},"image":{"@id":"https:\/\/www.campus-cerdanya.com\/ca\/blog\/passejada-arqueologica-pels-voltants-deina-eyne\/#primaryimage"},"thumbnailUrl":"https:\/\/www.campus-cerdanya.com\/wp-content\/uploads\/2021\/07\/c3638af39f059ad04d2a2c6fdfcdcabcf2590940f512516a8650c1a0b2f6d87b.0.jpg","datePublished":"2021-07-02T17:58:24+00:00","dateModified":"2021-07-06T11:00:39+00:00","author":{"@id":"https:\/\/www.campus-cerdanya.com\/ca\/#\/schema\/person\/f6abc8bb03d1abe5119440bbd63de01c"},"breadcrumb":{"@id":"https:\/\/www.campus-cerdanya.com\/ca\/blog\/passejada-arqueologica-pels-voltants-deina-eyne\/#breadcrumb"},"inLanguage":"ca","potentialAction":[{"@type":"ReadAction","target":["https:\/\/www.campus-cerdanya.com\/ca\/blog\/passejada-arqueologica-pels-voltants-deina-eyne\/"]}]},{"@type":"ImageObject","inLanguage":"ca","@id":"https:\/\/www.campus-cerdanya.com\/ca\/blog\/passejada-arqueologica-pels-voltants-deina-eyne\/#primaryimage","url":"https:\/\/www.campus-cerdanya.com\/wp-content\/uploads\/2021\/07\/c3638af39f059ad04d2a2c6fdfcdcabcf2590940f512516a8650c1a0b2f6d87b.0.jpg","contentUrl":"https:\/\/www.campus-cerdanya.com\/wp-content\/uploads\/2021\/07\/c3638af39f059ad04d2a2c6fdfcdcabcf2590940f512516a8650c1a0b2f6d87b.0.jpg","width":600,"height":480,"caption":"{\"key\":\"f2\"}"},{"@type":"BreadcrumbList","@id":"https:\/\/www.campus-cerdanya.com\/ca\/blog\/passejada-arqueologica-pels-voltants-deina-eyne\/#breadcrumb","itemListElement":[{"@type":"ListItem","position":1,"name":"Portada","item":"https:\/\/www.campus-cerdanya.com\/ca\/"},{"@type":"ListItem","position":2,"name":"Passejada arqueol\u00f2gica pels voltants d\u2019Eina (Eyne)."}]},{"@type":"WebSite","@id":"https:\/\/www.campus-cerdanya.com\/ca\/#website","url":"https:\/\/www.campus-cerdanya.com\/ca\/","name":"Campus Cerdanya","description":"Hotel para grupos, familias y deportistas en los Pirineos.","potentialAction":[{"@type":"SearchAction","target":{"@type":"EntryPoint","urlTemplate":"https:\/\/www.campus-cerdanya.com\/ca\/?s={search_term_string}"},"query-input":{"@type":"PropertyValueSpecification","valueRequired":true,"valueName":"search_term_string"}}],"inLanguage":"ca"},{"@type":"Person","@id":"https:\/\/www.campus-cerdanya.com\/ca\/#\/schema\/person\/f6abc8bb03d1abe5119440bbd63de01c","name":"campus_editor"}]}},"_links":{"self":[{"href":"https:\/\/www.campus-cerdanya.com\/ca\/wp-json\/wp\/v2\/posts\/1721","targetHints":{"allow":["GET"]}}],"collection":[{"href":"https:\/\/www.campus-cerdanya.com\/ca\/wp-json\/wp\/v2\/posts"}],"about":[{"href":"https:\/\/www.campus-cerdanya.com\/ca\/wp-json\/wp\/v2\/types\/post"}],"author":[{"embeddable":true,"href":"https:\/\/www.campus-cerdanya.com\/ca\/wp-json\/wp\/v2\/users\/2"}],"replies":[{"embeddable":true,"href":"https:\/\/www.campus-cerdanya.com\/ca\/wp-json\/wp\/v2\/comments?post=1721"}],"version-history":[{"count":4,"href":"https:\/\/www.campus-cerdanya.com\/ca\/wp-json\/wp\/v2\/posts\/1721\/revisions"}],"predecessor-version":[{"id":1781,"href":"https:\/\/www.campus-cerdanya.com\/ca\/wp-json\/wp\/v2\/posts\/1721\/revisions\/1781"}],"wp:featuredmedia":[{"embeddable":true,"href":"https:\/\/www.campus-cerdanya.com\/ca\/wp-json\/wp\/v2\/media\/1735"}],"wp:attachment":[{"href":"https:\/\/www.campus-cerdanya.com\/ca\/wp-json\/wp\/v2\/media?parent=1721"}],"wp:term":[{"taxonomy":"category","embeddable":true,"href":"https:\/\/www.campus-cerdanya.com\/ca\/wp-json\/wp\/v2\/categories?post=1721"},{"taxonomy":"post_tag","embeddable":true,"href":"https:\/\/www.campus-cerdanya.com\/ca\/wp-json\/wp\/v2\/tags?post=1721"}],"curies":[{"name":"wp","href":"https:\/\/api.w.org\/{rel}","templated":true}]}}