{"id":1713,"date":"2021-07-02T17:52:03","date_gmt":"2021-07-02T17:52:03","guid":{"rendered":"https:\/\/www.campus-cerdanya.com\/?p=1713"},"modified":"2021-07-07T06:31:34","modified_gmt":"2021-07-07T06:31:34","slug":"la-capilla-de-san-bernabe-vallsabollera","status":"publish","type":"post","link":"https:\/\/www.campus-cerdanya.com\/ca\/blog\/la-capilla-de-san-bernabe-vallsabollera\/","title":{"rendered":"La capella de St. Bernab\u00e9 &#8211; Vallsabollera."},"content":{"rendered":"<p>&nbsp;<\/p>\n<p><strong>Excursi\u00f3 molt agradable per a realitzar en els dies de m\u00e9s calor, donat que gran part de l\u2019itinerari i sobretot la m\u00e9s costeruda la farem sota l\u2019ombra d\u2019una agradable zona boscosa. <\/strong><\/p>\n<p><strong>Com la majoria de les sortides que realitzem, a part de donar a con\u00e8ixer l\u2019entorn natural, intentem tamb\u00e9 de mostrar-vos la gran riquesa patrimonial dels llocs que visitem, \u00e9s per aix\u00f2 que us portem a pobles com Vallsabollera. Aquesta petita i pintoresca localitat, en d\u2019altres \u00e8poques va ser molt important, a part de la ramaderia i l\u2019explotaci\u00f3 forestal dels seus boscos tenia una important cantera on s\u2019extreien la major part de les lloses per a les cases de tota la Vall. Actualment \u00e9s una destinaci\u00f3 tur\u00edstica pels qui cerquen gaudir de la natura i la tranquil\u00b7litat.<\/strong><\/p>\n<p>&nbsp;<\/p>\n<ul>\n<li>Durada: 2.00 h<\/li>\n<li>Desnivell: 240 m<\/li>\n<li>Senyalitzaci\u00f3: senyals grocs<\/li>\n<li>Acc\u00e9s: Des del poble d\u2019Osseja, seguim els indicadors a Vallsabollera. Un cop hi arribem, travessem el poble. Despr\u00e9s de les darreres cases, passem per un pont i a continuaci\u00f3 per un aparcament amb un parc infantil i unes pistes de tennis al costat.<\/li>\n<\/ul>\n<p>&nbsp;<\/p>\n<p>0.00\u2019 Anem a retrobar el pont per on hem vingut, i pocs metres abans de creuar-lo trobem un cam\u00ed que puja a la dreta. Just a l\u2019inici veurem\u00a0 un r\u00e8tol de fusta que indica \u201c<em>L\u2019Ecuereuil, cam\u00ed de la fouste i Sant Bernabeu<\/em>\u201d. Seguim en aquesta direcci\u00f3. Cam\u00ed ascendent pel mig dels prats, delimitat per un fil el\u00e8ctric pel bestiar. Cal anar molt en compte de no tocar-lo.<\/p>\n<p>&nbsp;<\/p>\n<p>0.05\u2019 Passem un pas de fusta. Creuem un petit torrent, i a pocs metres trobem senyals grocs. Seguim pel marge dret del torrent i arribem a una cru\u00eflla a uns 25 m. Anem cap a l\u2019esquerra per una pista m\u00e9s ampla, guiant-nos per la indicaci\u00f3 de \u201c<em>L\u2019Ecuereuil<\/em>\u201d. Cal anar amb compte i seguir l\u2019indicador on diu \u201cSt. Bernabeu\u201d, deixant el \u201c<em>Cam\u00ed de la fouste<\/em>\u201d a la dreta. Senyals grocs en els arbres.<\/p>\n<p>&nbsp;<\/p>\n<p>0.15\u2019 Arribem a una bifurcaci\u00f3 i continuem pel cam\u00ed ascendent, senyalitzat amb punts grocs. No deixem el cam\u00ed principal, que aviat far\u00e0 un gir cap a l\u2019esquerra.<\/p>\n<p>&nbsp;<\/p>\n<p>0.30\u2019 Creuem un primer torrent per un petit pont de fusta. No gaire m\u00e9s lluny travessem un segon torrent, aquest cop sense pont.<\/p>\n<p>&nbsp;<\/p>\n<p>0.40\u2019 Despr\u00e9s d\u2019una petita pujada, arribem a una cru\u00eflla de camins. (Si trobem el fil el\u00e8ctric pel bestiar, l\u2019haurem d\u2019obrir, sempre utilitzant el m\u00e0nec de pl\u00e0stic. Recordeu de tornar-lo a tancar). Per anar a St. Bernabeu hem de seguir a la dreta i amunt per la pista principal, prescindint d\u2019un altre cam\u00ed que surt tamb\u00e9 a la dreta, no tan marcat. Per la pista trobarem algun senyal groc.<\/p>\n<p>&nbsp;<\/p>\n<p>0.50\u2019 Trobem un cam\u00ed a l\u2019esquerra que baixa cap a Vallsabollera, que ser\u00e0 el que agafarem per baixar posteriorment. Una mica m\u00e9s amunt la pista fa un revolt ben marcat cap a la dreta. Deixem a la nostra esquerra el cam\u00ed de N\u00faria pel Puigmal. Seguim per la pista principal i en pocs minuts arribem als voltants de la capella.<\/p>\n<p>&nbsp;<\/p>\n<p>1.00\u2019 Capella de St. Bernab\u00e9 (taules i font). Bona panor\u00e0mica. La baixada la fem per la pista per on hem arribat fins a retrobar-nos amb el cam\u00ed que hem vist tot pujant, situat ara a la nostra dreta. Un cartell indica \u201c<em>Vallceboll\u00e8re<\/em>\u201d &#8211; \u201c<em>La Perdrix<\/em>\u201d.<\/p>\n<p>&nbsp;<\/p>\n<p>&nbsp;<\/p>\n<p style=\"text-align: center;\"><img fetchpriority=\"high\" decoding=\"async\" class=\"size-medium wp-image-1782 aligncenter\" src=\"https:\/\/www.campus-cerdanya.com\/wp-content\/uploads\/2021\/07\/iglesia-pequena-300x240.jpg\" alt=\"\" width=\"300\" height=\"240\" srcset=\"https:\/\/www.campus-cerdanya.com\/wp-content\/uploads\/2021\/07\/iglesia-pequena-300x240.jpg 300w, https:\/\/www.campus-cerdanya.com\/wp-content\/uploads\/2021\/07\/iglesia-pequena-183x146.jpg 183w, https:\/\/www.campus-cerdanya.com\/wp-content\/uploads\/2021\/07\/iglesia-pequena-50x40.jpg 50w, https:\/\/www.campus-cerdanya.com\/wp-content\/uploads\/2021\/07\/iglesia-pequena-94x75.jpg 94w, https:\/\/www.campus-cerdanya.com\/wp-content\/uploads\/2021\/07\/iglesia-pequena.jpg 600w\" sizes=\"(max-width:767px) 300px, 300px\" \/><strong> Imatge 1:<\/strong> Capella de St. Bernab\u00e9.<\/p>\n<p>&nbsp;<\/p>\n<p>&nbsp;<\/p>\n<p>1.05\u2019 Cam\u00ed senyalitzat amb senyals grocs que va baixant suaument.<\/p>\n<p>&nbsp;<\/p>\n<p>1.20\u2019 Arribem a uns corrals, on habitualment la porta \u00e9s tancada. L\u2019obrim per passar, sense oblidar-nos de tornar-la a tancar. Sortim de nou a la pista principal i seguim cap a la dreta.<\/p>\n<p>&nbsp;<\/p>\n<p>1.25\u2019 Trobem una mena de plaf\u00f3 informatiu de fusta amb forma de caseta. En aquest punt trencarem per una drecera que baixa en fort pendent cap a l\u2019esquerra. Arribem a uns dip\u00f2sits d\u2019aigua i una caseta. Sortim a la pista principal, la creuem i just davant nostre veurem un cam\u00ed descendent, habitualment amb molta aigua al principi. L\u2019agafem i anem baixant. Aquest cam\u00ed \u00e9s molt agradable i va serpentejant pel mig dels prats (a l\u2019hivern s\u2019acostuma a baixar amb esqu\u00eds de fons) fins a retrobar la pista a prop del poble.<\/p>\n<p>&nbsp;<\/p>\n<p>1.40\u2019 Cru\u00eflla amb la pista, despr\u00e9s de passar un pas de fusta. Seguim baixant per la pista principal.<\/p>\n<p>&nbsp;<\/p>\n<p>1.50\u2019 Comen\u00e7a l\u2019asfalt. Just on trobem la primera casa del poble, baixem per un petit corriol a la dreta, pel costat d\u2019unes baranes de fusta i ens endinsem en el poble. A la primera cru\u00eflla de carrers anem cap a l\u2019esquerra fins que trobem un carrer\u00f3 a la dreta que baixa per unes escales amb una petita font i un passam\u00e0 de corda a la paret. Tot seguit baixem a l\u2019esquerra pel \u201ccarrer de Caralps\u201d i arribem a la \u201cfont del Bila\u201d i l\u2019aparcament.<\/p>\n<p>&nbsp;<\/p>\n<p>2.00\u2019 h Arribem al punt de sortida, a l\u2019aparcament del poble.<\/p>\n<p>&nbsp;<\/p>\n<p>&nbsp;<\/p>\n<p><img decoding=\"async\" class=\"size-medium wp-image-1785 aligncenter\" src=\"https:\/\/www.campus-cerdanya.com\/wp-content\/uploads\/2021\/07\/mariposa-300x241.jpg\" alt=\"\" width=\"300\" height=\"241\" srcset=\"https:\/\/www.campus-cerdanya.com\/wp-content\/uploads\/2021\/07\/mariposa-300x241.jpg 300w, https:\/\/www.campus-cerdanya.com\/wp-content\/uploads\/2021\/07\/mariposa-182x146.jpg 182w, https:\/\/www.campus-cerdanya.com\/wp-content\/uploads\/2021\/07\/mariposa-50x40.jpg 50w, https:\/\/www.campus-cerdanya.com\/wp-content\/uploads\/2021\/07\/mariposa-94x75.jpg 94w, https:\/\/www.campus-cerdanya.com\/wp-content\/uploads\/2021\/07\/mariposa.jpg 600w\" sizes=\"(max-width:767px) 300px, 300px\" \/><\/p>\n<p style=\"text-align: center;\"><strong>Imatge 2:<\/strong> Explicaci\u00f3 de la fauna i flora de la zona.<\/p>\n<p>&nbsp;<\/p>\n<p>&nbsp;<\/p>\n<p>&nbsp;<\/p>\n<h2><a name=\"_Toc8477855\"><\/a><a name=\"_Toc8630953\"><\/a><a name=\"_Toc14153436\"><\/a><strong>VALLSABOLLERA<\/strong><\/h2>\n<p>Altitud: 1.493 m.<\/p>\n<p>&nbsp;<\/p>\n<p>El top\u00f2nim est\u00e0 format per vall, derivat del llat\u00ed <em>vallum<\/em> i Sabollera, \u00e8tim desconegut per\u00f2 sense res a veure amb les cebes.<\/p>\n<p>En trobar-se en un passatge, Vallsabollera ha vist transitar mercaders i contrabandistes, per\u00f2 tamb\u00e9 carlins i dissortats republicans al moment de la <em>retirada<\/em> del 10 de febrer de 1939. La gent del lloc guarda el record d&#8217;un combat entre la Guardia Civil i els maquis, esdevingut el 1944.<\/p>\n<p>Els pagesos de Vallsabollera sobrevivien amb els ramats, el contraban i les lloseres on feien les llosardes, comprades per quasi tots els pobles cerdans. Abandonades des de fa m\u00e9s de trenta anys, encara podem veure les magn\u00edfiques plaques d\u2019esquist d\u2019aquestes famoses lloseres. Es pot visitar un comer\u00e7 artesanal vinculat a la producci\u00f3 de mel.<\/p>\n<p>&nbsp;<\/p>\n<p><strong>Llocs d\u2019inter\u00e8s<\/strong><\/p>\n<p>Les lloseres de Vallsabollera<\/p>\n<p>Museu de les Abelles Tel. 04 68 045826<\/p>\n<p>Esgl\u00e9sia de Sant Feliu de tradici\u00f3 rom\u00e0nica.<\/p>\n<p>&nbsp;<\/p>\n<p>&nbsp;<\/p>\n<p>&nbsp;<\/p>\n<p>&nbsp;<\/p>\n<p>&nbsp;<\/p>\n<p style=\"text-align: right;\"><strong>Campus Cerdanya<\/strong><\/p>\n<p style=\"text-align: right;\"><strong>Joan Carles Mart\u00ednez<\/strong><\/p>\n","protected":false},"excerpt":{"rendered":"<p>&nbsp; Excursi\u00f3 molt agradable per a realitzar en els dies de m\u00e9s calor, donat que gran part de l\u2019itinerari i sobretot la m\u00e9s costeruda la farem<span class=\"excerpt-hellip\"> [\u2026]<\/span><\/p>\n","protected":false},"author":2,"featured_media":1788,"comment_status":"closed","ping_status":"closed","sticky":false,"template":"","format":"standard","meta":{"_acf_changed":false,"footnotes":""},"categories":[30,34],"tags":[],"class_list":["post-1713","post","type-post","status-publish","format-standard","has-post-thumbnail","hentry","category-activitats","category-excursions"],"acf":[],"yoast_head":"<!-- This site is optimized with the Yoast SEO plugin v24.2 - https:\/\/yoast.com\/wordpress\/plugins\/seo\/ -->\n<title>La capella de St. Bernab\u00e9 - Vallsabollera. - Campus Cerdanya<\/title>\n<meta name=\"robots\" content=\"index, follow, max-snippet:-1, max-image-preview:large, max-video-preview:-1\" \/>\n<link rel=\"canonical\" href=\"https:\/\/www.campus-cerdanya.com\/ca\/blog\/la-capilla-de-san-bernabe-vallsabollera\/\" \/>\n<meta property=\"og:locale\" content=\"ca_ES\" \/>\n<meta property=\"og:type\" content=\"article\" \/>\n<meta property=\"og:title\" content=\"La capella de St. Bernab\u00e9 - Vallsabollera. - Campus Cerdanya\" \/>\n<meta property=\"og:description\" content=\"&nbsp; Excursi\u00f3 molt agradable per a realitzar en els dies de m\u00e9s calor, donat que gran part de l\u2019itinerari i sobretot la m\u00e9s costeruda la farem [\u2026]\" \/>\n<meta property=\"og:url\" content=\"https:\/\/www.campus-cerdanya.com\/ca\/blog\/la-capilla-de-san-bernabe-vallsabollera\/\" \/>\n<meta property=\"og:site_name\" content=\"Campus Cerdanya\" \/>\n<meta property=\"article:published_time\" content=\"2021-07-02T17:52:03+00:00\" \/>\n<meta property=\"article:modified_time\" content=\"2021-07-07T06:31:34+00:00\" \/>\n<meta property=\"og:image\" content=\"https:\/\/www.campus-cerdanya.com\/wp-content\/uploads\/2021\/07\/pueblo.jpg\" \/>\n\t<meta property=\"og:image:width\" content=\"600\" \/>\n\t<meta property=\"og:image:height\" content=\"480\" \/>\n\t<meta property=\"og:image:type\" content=\"image\/jpeg\" \/>\n<meta name=\"author\" content=\"campus_editor\" \/>\n<meta name=\"twitter:card\" content=\"summary_large_image\" \/>\n<meta name=\"twitter:label1\" content=\"Escrit per\" \/>\n\t<meta name=\"twitter:data1\" content=\"campus_editor\" \/>\n\t<meta name=\"twitter:label2\" content=\"Temps estimat de lectura\" \/>\n\t<meta name=\"twitter:data2\" content=\"5 minuts\" \/>\n<script type=\"application\/ld+json\" class=\"yoast-schema-graph\">{\"@context\":\"https:\/\/schema.org\",\"@graph\":[{\"@type\":\"WebPage\",\"@id\":\"https:\/\/www.campus-cerdanya.com\/ca\/blog\/la-capilla-de-san-bernabe-vallsabollera\/\",\"url\":\"https:\/\/www.campus-cerdanya.com\/ca\/blog\/la-capilla-de-san-bernabe-vallsabollera\/\",\"name\":\"La capella de St. Bernab\u00e9 - Vallsabollera. - Campus Cerdanya\",\"isPartOf\":{\"@id\":\"https:\/\/www.campus-cerdanya.com\/ca\/#website\"},\"primaryImageOfPage\":{\"@id\":\"https:\/\/www.campus-cerdanya.com\/ca\/blog\/la-capilla-de-san-bernabe-vallsabollera\/#primaryimage\"},\"image\":{\"@id\":\"https:\/\/www.campus-cerdanya.com\/ca\/blog\/la-capilla-de-san-bernabe-vallsabollera\/#primaryimage\"},\"thumbnailUrl\":\"https:\/\/www.campus-cerdanya.com\/wp-content\/uploads\/2021\/07\/pueblo.jpg\",\"datePublished\":\"2021-07-02T17:52:03+00:00\",\"dateModified\":\"2021-07-07T06:31:34+00:00\",\"author\":{\"@id\":\"https:\/\/www.campus-cerdanya.com\/ca\/#\/schema\/person\/f6abc8bb03d1abe5119440bbd63de01c\"},\"breadcrumb\":{\"@id\":\"https:\/\/www.campus-cerdanya.com\/ca\/blog\/la-capilla-de-san-bernabe-vallsabollera\/#breadcrumb\"},\"inLanguage\":\"ca\",\"potentialAction\":[{\"@type\":\"ReadAction\",\"target\":[\"https:\/\/www.campus-cerdanya.com\/ca\/blog\/la-capilla-de-san-bernabe-vallsabollera\/\"]}]},{\"@type\":\"ImageObject\",\"inLanguage\":\"ca\",\"@id\":\"https:\/\/www.campus-cerdanya.com\/ca\/blog\/la-capilla-de-san-bernabe-vallsabollera\/#primaryimage\",\"url\":\"https:\/\/www.campus-cerdanya.com\/wp-content\/uploads\/2021\/07\/pueblo.jpg\",\"contentUrl\":\"https:\/\/www.campus-cerdanya.com\/wp-content\/uploads\/2021\/07\/pueblo.jpg\",\"width\":600,\"height\":480,\"caption\":\"{\\\"key\\\":\\\"f2\\\"}\"},{\"@type\":\"BreadcrumbList\",\"@id\":\"https:\/\/www.campus-cerdanya.com\/ca\/blog\/la-capilla-de-san-bernabe-vallsabollera\/#breadcrumb\",\"itemListElement\":[{\"@type\":\"ListItem\",\"position\":1,\"name\":\"Portada\",\"item\":\"https:\/\/www.campus-cerdanya.com\/ca\/\"},{\"@type\":\"ListItem\",\"position\":2,\"name\":\"La capella de St. Bernab\u00e9 &#8211; Vallsabollera.\"}]},{\"@type\":\"WebSite\",\"@id\":\"https:\/\/www.campus-cerdanya.com\/ca\/#website\",\"url\":\"https:\/\/www.campus-cerdanya.com\/ca\/\",\"name\":\"Campus Cerdanya\",\"description\":\"Hotel para grupos, familias y deportistas en los Pirineos.\",\"potentialAction\":[{\"@type\":\"SearchAction\",\"target\":{\"@type\":\"EntryPoint\",\"urlTemplate\":\"https:\/\/www.campus-cerdanya.com\/ca\/?s={search_term_string}\"},\"query-input\":{\"@type\":\"PropertyValueSpecification\",\"valueRequired\":true,\"valueName\":\"search_term_string\"}}],\"inLanguage\":\"ca\"},{\"@type\":\"Person\",\"@id\":\"https:\/\/www.campus-cerdanya.com\/ca\/#\/schema\/person\/f6abc8bb03d1abe5119440bbd63de01c\",\"name\":\"campus_editor\"}]}<\/script>\n<!-- \/ Yoast SEO plugin. -->","yoast_head_json":{"title":"La capella de St. Bernab\u00e9 - Vallsabollera. - Campus Cerdanya","robots":{"index":"index","follow":"follow","max-snippet":"max-snippet:-1","max-image-preview":"max-image-preview:large","max-video-preview":"max-video-preview:-1"},"canonical":"https:\/\/www.campus-cerdanya.com\/ca\/blog\/la-capilla-de-san-bernabe-vallsabollera\/","og_locale":"ca_ES","og_type":"article","og_title":"La capella de St. Bernab\u00e9 - Vallsabollera. - Campus Cerdanya","og_description":"&nbsp; Excursi\u00f3 molt agradable per a realitzar en els dies de m\u00e9s calor, donat que gran part de l\u2019itinerari i sobretot la m\u00e9s costeruda la farem [\u2026]","og_url":"https:\/\/www.campus-cerdanya.com\/ca\/blog\/la-capilla-de-san-bernabe-vallsabollera\/","og_site_name":"Campus Cerdanya","article_published_time":"2021-07-02T17:52:03+00:00","article_modified_time":"2021-07-07T06:31:34+00:00","og_image":[{"width":600,"height":480,"url":"https:\/\/www.campus-cerdanya.com\/wp-content\/uploads\/2021\/07\/pueblo.jpg","type":"image\/jpeg"}],"author":"campus_editor","twitter_card":"summary_large_image","twitter_misc":{"Escrit per":"campus_editor","Temps estimat de lectura":"5 minuts"},"schema":{"@context":"https:\/\/schema.org","@graph":[{"@type":"WebPage","@id":"https:\/\/www.campus-cerdanya.com\/ca\/blog\/la-capilla-de-san-bernabe-vallsabollera\/","url":"https:\/\/www.campus-cerdanya.com\/ca\/blog\/la-capilla-de-san-bernabe-vallsabollera\/","name":"La capella de St. Bernab\u00e9 - Vallsabollera. - Campus Cerdanya","isPartOf":{"@id":"https:\/\/www.campus-cerdanya.com\/ca\/#website"},"primaryImageOfPage":{"@id":"https:\/\/www.campus-cerdanya.com\/ca\/blog\/la-capilla-de-san-bernabe-vallsabollera\/#primaryimage"},"image":{"@id":"https:\/\/www.campus-cerdanya.com\/ca\/blog\/la-capilla-de-san-bernabe-vallsabollera\/#primaryimage"},"thumbnailUrl":"https:\/\/www.campus-cerdanya.com\/wp-content\/uploads\/2021\/07\/pueblo.jpg","datePublished":"2021-07-02T17:52:03+00:00","dateModified":"2021-07-07T06:31:34+00:00","author":{"@id":"https:\/\/www.campus-cerdanya.com\/ca\/#\/schema\/person\/f6abc8bb03d1abe5119440bbd63de01c"},"breadcrumb":{"@id":"https:\/\/www.campus-cerdanya.com\/ca\/blog\/la-capilla-de-san-bernabe-vallsabollera\/#breadcrumb"},"inLanguage":"ca","potentialAction":[{"@type":"ReadAction","target":["https:\/\/www.campus-cerdanya.com\/ca\/blog\/la-capilla-de-san-bernabe-vallsabollera\/"]}]},{"@type":"ImageObject","inLanguage":"ca","@id":"https:\/\/www.campus-cerdanya.com\/ca\/blog\/la-capilla-de-san-bernabe-vallsabollera\/#primaryimage","url":"https:\/\/www.campus-cerdanya.com\/wp-content\/uploads\/2021\/07\/pueblo.jpg","contentUrl":"https:\/\/www.campus-cerdanya.com\/wp-content\/uploads\/2021\/07\/pueblo.jpg","width":600,"height":480,"caption":"{\"key\":\"f2\"}"},{"@type":"BreadcrumbList","@id":"https:\/\/www.campus-cerdanya.com\/ca\/blog\/la-capilla-de-san-bernabe-vallsabollera\/#breadcrumb","itemListElement":[{"@type":"ListItem","position":1,"name":"Portada","item":"https:\/\/www.campus-cerdanya.com\/ca\/"},{"@type":"ListItem","position":2,"name":"La capella de St. Bernab\u00e9 &#8211; Vallsabollera."}]},{"@type":"WebSite","@id":"https:\/\/www.campus-cerdanya.com\/ca\/#website","url":"https:\/\/www.campus-cerdanya.com\/ca\/","name":"Campus Cerdanya","description":"Hotel para grupos, familias y deportistas en los Pirineos.","potentialAction":[{"@type":"SearchAction","target":{"@type":"EntryPoint","urlTemplate":"https:\/\/www.campus-cerdanya.com\/ca\/?s={search_term_string}"},"query-input":{"@type":"PropertyValueSpecification","valueRequired":true,"valueName":"search_term_string"}}],"inLanguage":"ca"},{"@type":"Person","@id":"https:\/\/www.campus-cerdanya.com\/ca\/#\/schema\/person\/f6abc8bb03d1abe5119440bbd63de01c","name":"campus_editor"}]}},"_links":{"self":[{"href":"https:\/\/www.campus-cerdanya.com\/ca\/wp-json\/wp\/v2\/posts\/1713","targetHints":{"allow":["GET"]}}],"collection":[{"href":"https:\/\/www.campus-cerdanya.com\/ca\/wp-json\/wp\/v2\/posts"}],"about":[{"href":"https:\/\/www.campus-cerdanya.com\/ca\/wp-json\/wp\/v2\/types\/post"}],"author":[{"embeddable":true,"href":"https:\/\/www.campus-cerdanya.com\/ca\/wp-json\/wp\/v2\/users\/2"}],"replies":[{"embeddable":true,"href":"https:\/\/www.campus-cerdanya.com\/ca\/wp-json\/wp\/v2\/comments?post=1713"}],"version-history":[{"count":7,"href":"https:\/\/www.campus-cerdanya.com\/ca\/wp-json\/wp\/v2\/posts\/1713\/revisions"}],"predecessor-version":[{"id":1715,"href":"https:\/\/www.campus-cerdanya.com\/ca\/wp-json\/wp\/v2\/posts\/1713\/revisions\/1715"}],"wp:featuredmedia":[{"embeddable":true,"href":"https:\/\/www.campus-cerdanya.com\/ca\/wp-json\/wp\/v2\/media\/1788"}],"wp:attachment":[{"href":"https:\/\/www.campus-cerdanya.com\/ca\/wp-json\/wp\/v2\/media?parent=1713"}],"wp:term":[{"taxonomy":"category","embeddable":true,"href":"https:\/\/www.campus-cerdanya.com\/ca\/wp-json\/wp\/v2\/categories?post=1713"},{"taxonomy":"post_tag","embeddable":true,"href":"https:\/\/www.campus-cerdanya.com\/ca\/wp-json\/wp\/v2\/tags?post=1713"}],"curies":[{"name":"wp","href":"https:\/\/api.w.org\/{rel}","templated":true}]}}