{"id":1711,"date":"2021-07-02T17:50:11","date_gmt":"2021-07-02T17:50:11","guid":{"rendered":"https:\/\/www.campus-cerdanya.com\/?p=1711"},"modified":"2021-07-07T07:08:32","modified_gmt":"2021-07-07T07:08:32","slug":"lestany-de-fontviva","status":"publish","type":"post","link":"https:\/\/www.campus-cerdanya.com\/ca\/blog\/lestany-de-fontviva\/","title":{"rendered":"L\u2019Estany de Fontviva."},"content":{"rendered":"<p><strong>Quan anem al Pirineu, un dels principals atractius, al marge dels cims, el que m\u00e9s ens ve de gust \u00e9s poder veure estanys. Doncs a la nostra Comarca repartits entre l\u2019Alta i la Baixa Cerdanya en tenim en gran quantitat. La passejada que us proposem us portar\u00e0 sense massa dificultat a gaudir d\u2019un dels llocs m\u00e9s populars de la zona, l\u2019estany de Fontviva, envoltat de cims que arriben fins als 2900 m , el que fa que doni encara m\u00e9s un aire d\u2019 aut\u00e8ntica alta muntanya.<\/strong><\/p>\n<ul>\n<li>Durada: 2.10 h<\/li>\n<li>Desnivell: 200 m<\/li>\n<li>Senyalitzaci\u00f3: PR (senyals grocs)<\/li>\n<li>Acc\u00e9s: A Bourg Madame prenem la N-20 amb\u00a0 direcci\u00f3 al Coll de Pimorent. Al entrar al poble de Port\u00e9, i just despr\u00e9s de creuar el pont, anem a la dreta en direcci\u00f3 als llacs, tot travessant el poble. Seguint per la petita carretera asfaltada i a uns 3 km arribem a l\u2019estany de Passet. Seguim encara per aquesta carretera fins que arribem a la seva fi, on trobarem una zona d\u2019aparcament i un edifici d\u2019on surt un telef\u00e8ric de servei de l\u2019E.D.F.<\/li>\n<\/ul>\n<p>&nbsp;<\/p>\n<p>0.00\u2019 Al costat de l\u2019edifici de l\u2019E.D.F. identifiquem un cartell de color groc on s\u2019indiquen\u00a0 diversos itineraris incl\u00f2s el de Fontviva que per ara no seguirem, ja que el farem a la inversa. Iniciem la marxa seguint l\u2019itinerari de Lan\u00f3s pel cam\u00ed dels Enginyers. Plaf\u00f3 informatiu. Ens guiem pels senyals de color groc, ben marcats i visibles. Passem el riu Querol per una passarel\u00b7la i seguim una estona per pista de tra\u00e7a ampla al principi. Al cap de poc els senyals deixen aquest cam\u00ed principal i segueixen cap a l\u2019esquerra per un corriol\u00a0 ascendent enmig del bosc, que mica en mica es va endinsant cap al fons de la vall tot travessant petits rierols.<\/p>\n<p>&nbsp;<\/p>\n<p>0.15\u2019 Arribem a un prat, enmig del bosc. Travessem uns petits murs de pedra. Els senyals grocs s\u00f3n ben visibles. Passem dos petits torrents m\u00e9s i al cap de poc comencem a pujar.<\/p>\n<p>&nbsp;<\/p>\n<p>0.25\u2019 El cam\u00ed inicia un lleuger pendent en forma de zig-zag. Creuem de nou un altre torrent i una mica m\u00e9s enll\u00e0 ens trobem amb alguns trams de cam\u00ed empedrat.<\/p>\n<p>&nbsp;<\/p>\n<p>0.45\u2019 Arribem a un petit repl\u00e0 herbat amb un cartell informatiu. Deixem aqu\u00ed el cam\u00ed dels Enginyers a la dreta i seguim a l\u2019esquerra en direcci\u00f3 a Fontviva. A partir d\u2019ara els senyals grocs no s\u00f3n tan abundants ni tan ben marcats, per\u00f2 el cam\u00ed \u00e9s for\u00e7a evident. Anem baixant fins a trobar el riu.<\/p>\n<p>&nbsp;<\/p>\n<p>0.50\u2019 Travessem el riu Querol per un pont, format per 3 bigues de ferro (en el moment de ressenyar l\u2019excursi\u00f3) Precauci\u00f3!. Indret molt espectacular on el riu fa una s\u00e8rie de salts d\u2019aigua. Un cop a l\u2019altre costat del riu, el cam\u00ed puja fent zig-zag. Poc despr\u00e9s arribem a unes mulleres situades a les proximitats de l\u2019estany de Fontviva. El cam\u00ed no t\u00e9 p\u00e8rdua, per\u00f2 si trobem massa aigua, podem anar pel mig del bosc, a l\u2019esquerra, en la mateixa direcci\u00f3.<\/p>\n<p>&nbsp;<\/p>\n<div id=\"attachment_1803\" style=\"width: 310px\" class=\"wp-caption aligncenter\"><img fetchpriority=\"high\" decoding=\"async\" aria-describedby=\"caption-attachment-1803\" class=\"size-medium wp-image-1803\" src=\"https:\/\/www.campus-cerdanya.com\/wp-content\/uploads\/2021\/07\/font-viva-montana-pequena-300x240.jpg\" alt=\"\" width=\"300\" height=\"240\" srcset=\"https:\/\/www.campus-cerdanya.com\/wp-content\/uploads\/2021\/07\/font-viva-montana-pequena-300x240.jpg 300w, https:\/\/www.campus-cerdanya.com\/wp-content\/uploads\/2021\/07\/font-viva-montana-pequena-183x146.jpg 183w, https:\/\/www.campus-cerdanya.com\/wp-content\/uploads\/2021\/07\/font-viva-montana-pequena-50x40.jpg 50w, https:\/\/www.campus-cerdanya.com\/wp-content\/uploads\/2021\/07\/font-viva-montana-pequena-94x75.jpg 94w, https:\/\/www.campus-cerdanya.com\/wp-content\/uploads\/2021\/07\/font-viva-montana-pequena.jpg 600w\" sizes=\"(max-width:767px) 300px, 300px\" \/><p id=\"caption-attachment-1803\" class=\"wp-caption-text\"><strong>\u00a0 \u00a0 \u00a0 \u00a0 \u00a0 \u00a0 Imatge 1:<\/strong> Tram de l&#8217;excursi\u00f3.\u00a0<\/p><\/div>\n<p>&nbsp;<\/p>\n<p>1.05\u2019 Estany de Fontviva. Bonic indret situat enmig d\u2019un espectacular circ muntany\u00f3s. El voregem per la dreta, anant a trobar el petit refugi situat a l\u2019altre extrem de l\u2019estany. Al principi passem per un petit passatge rocall\u00f3s, que despr\u00e9s esdev\u00e9 un agradable sender. Als 5\u2019 de marxa\u00a0 arribem al refugi (lliure). A partir d\u2019aqu\u00ed el cam\u00ed segueix pel mig d\u2019un prat, sovint poc definit. Anem vorejant un petit mur de pedra. Aviat ens trobem de nou amb un senyal groc situat al mig d\u2019una pedra. El cam\u00ed baixa una mica. Cal anar amb compte i no baixar gaire, encara que veiem fites, ja que hem d\u2019estar atents a un cam\u00ed que va cap a la dreta, m\u00e9s marcat i que discorre per sobre d\u2019un mur de pedra. Davant nostre observarem el Pic de Fontfreda (2.738 m), i just per sota el poble de Port\u00e9.\u00a0 Travessem prats i uns quants murs de pedra, a mitja al\u00e7ada pel marge dret de la vall.<\/p>\n<p>&nbsp;<\/p>\n<p>1.35\u2019 Punt panor\u00e0mic per sobre de l\u2019estany de Passet. Al fons es pot veure la petita carretera asfaltada, per on hem accedit al punt de sortida. A partir d\u2019ara comencem a perdre al\u00e7ada fins a retrobar la carretera. Tornem a veure m\u00e9s sovint els senyals de color groc.<\/p>\n<p>&nbsp;<\/p>\n<p>1.50\u2019 Plaf\u00f3 informatiu i cru\u00eflla amb la carretera. Seguim cap a l\u2019esquerra, tot vorejant el Passet.<\/p>\n<p>&nbsp;<\/p>\n<p>2.10\u2019 Arribem al punt de sortida del recorregut.<\/p>\n<p>&nbsp;<\/p>\n<p>&nbsp;<\/p>\n<div id=\"attachment_1806\" style=\"width: 310px\" class=\"wp-caption aligncenter\"><img decoding=\"async\" aria-describedby=\"caption-attachment-1806\" class=\"size-medium wp-image-1806\" src=\"https:\/\/www.campus-cerdanya.com\/wp-content\/uploads\/2021\/07\/FontViva-pequena-salto-300x240.jpg\" alt=\"\" width=\"300\" height=\"240\" srcset=\"https:\/\/www.campus-cerdanya.com\/wp-content\/uploads\/2021\/07\/FontViva-pequena-salto-300x240.jpg 300w, https:\/\/www.campus-cerdanya.com\/wp-content\/uploads\/2021\/07\/FontViva-pequena-salto-183x146.jpg 183w, https:\/\/www.campus-cerdanya.com\/wp-content\/uploads\/2021\/07\/FontViva-pequena-salto-50x40.jpg 50w, https:\/\/www.campus-cerdanya.com\/wp-content\/uploads\/2021\/07\/FontViva-pequena-salto-94x75.jpg 94w, https:\/\/www.campus-cerdanya.com\/wp-content\/uploads\/2021\/07\/FontViva-pequena-salto.jpg 600w\" sizes=\"(max-width:767px) 300px, 300px\" \/><p id=\"caption-attachment-1806\" class=\"wp-caption-text\"><strong>\u00a0 \u00a0 \u00a0Imatge 2:<\/strong> Fotografia de grup saltant.\u00a0<\/p><\/div>\n<p>&nbsp;<\/p>\n<p>&nbsp;<\/p>\n<h2><a name=\"_Toc8477832\"><\/a><a name=\"_Toc8630930\"><\/a><a name=\"_Toc14153412\"><\/a><strong>PORT\u00c9 <\/strong><\/h2>\n<p>Altitud: 1.610 m.<\/p>\n<p>&nbsp;<\/p>\n<p>L\u2019indret, sembla que es tractava d&#8217;un lloc d&#8217;estabulaci\u00f3 del bestiar de Porta. El 1357, per\u00f2, ja hi consten diverses cases. Al costat del poble, destinat a vigilar el pas del coll de Pimorent, s\u2019hi constru\u00ed el castell conegut com a Torre Cerdana. Mitjan\u00e7ant trets de bombarda s\u2019advertia al castell de Querol i, des d\u2019aquest a la Vila de Puigcerd\u00e0 de qualsevol incursi\u00f3 enemiga per aquesta vall. La seva activitat tradicional havia estat la ramaderia, la qual va donar pas fa uns quants anys al turisme, sobretot d&#8217;hivern, gr\u00e0cies a l&#8217;estaci\u00f3 hivernal coneguda popularment per Port\u00e8-Pimorent, que ocupa els vessants dels pics de la Mina de Pimorent (2.684 m), de l&#8217;Estanyol (2.586 m) i el roc de les Ombres, de 2.351 m.<\/p>\n<p>El seu nom sembla derivar del llat\u00ed <em>porticia<\/em> = porta petita, segurament per trobar-se sota del coll ja citat i actuar com a tal per entrar i sortir de la vall.<\/p>\n<p>&nbsp;<\/p>\n<p>Llocs d\u2019inter\u00e8s<\/p>\n<p>Esgl\u00e9sia parroquial de Santa Maria. Retaule neobarroc.<\/p>\n<p>Restes del castell de Torre Cerdana.<\/p>\n<p>Estanys de Passet, Fontviva i Lan\u00f3s.<\/p>\n<p>&nbsp;<\/p>\n<p>&nbsp;<\/p>\n<p>&nbsp;<\/p>\n<p>&nbsp;<\/p>\n<p style=\"text-align: right;\"><strong>Joan Carles Mart\u00ednez<\/strong><\/p>\n<p style=\"text-align: right;\"><strong>Campus Cerdanya<\/strong><\/p>\n","protected":false},"excerpt":{"rendered":"<p>Quan anem al Pirineu, un dels principals atractius, al marge dels cims, el que m\u00e9s ens ve de gust \u00e9s poder veure estanys. Doncs a la<span class=\"excerpt-hellip\"> [\u2026]<\/span><\/p>\n","protected":false},"author":2,"featured_media":1800,"comment_status":"closed","ping_status":"closed","sticky":false,"template":"","format":"standard","meta":{"_acf_changed":false,"footnotes":""},"categories":[34],"tags":[],"class_list":["post-1711","post","type-post","status-publish","format-standard","has-post-thumbnail","hentry","category-excursions"],"acf":[],"yoast_head":"<!-- This site is optimized with the Yoast SEO plugin v24.2 - https:\/\/yoast.com\/wordpress\/plugins\/seo\/ -->\n<title>L\u2019Estany de Fontviva. - Campus Cerdanya<\/title>\n<meta name=\"robots\" content=\"index, follow, max-snippet:-1, max-image-preview:large, max-video-preview:-1\" \/>\n<link rel=\"canonical\" href=\"https:\/\/www.campus-cerdanya.com\/ca\/blog\/lestany-de-fontviva\/\" \/>\n<meta property=\"og:locale\" content=\"ca_ES\" \/>\n<meta property=\"og:type\" content=\"article\" \/>\n<meta property=\"og:title\" content=\"L\u2019Estany de Fontviva. - Campus Cerdanya\" \/>\n<meta property=\"og:description\" content=\"Quan anem al Pirineu, un dels principals atractius, al marge dels cims, el que m\u00e9s ens ve de gust \u00e9s poder veure estanys. Doncs a la [\u2026]\" \/>\n<meta property=\"og:url\" content=\"https:\/\/www.campus-cerdanya.com\/ca\/blog\/lestany-de-fontviva\/\" \/>\n<meta property=\"og:site_name\" content=\"Campus Cerdanya\" \/>\n<meta property=\"article:published_time\" content=\"2021-07-02T17:50:11+00:00\" \/>\n<meta property=\"article:modified_time\" content=\"2021-07-07T07:08:32+00:00\" \/>\n<meta property=\"og:image\" content=\"https:\/\/www.campus-cerdanya.com\/wp-content\/uploads\/2021\/07\/font-viva-lago-panoramica-pequena.jpg\" \/>\n\t<meta property=\"og:image:width\" content=\"600\" \/>\n\t<meta property=\"og:image:height\" content=\"480\" \/>\n\t<meta property=\"og:image:type\" content=\"image\/jpeg\" \/>\n<meta name=\"author\" content=\"campus_editor\" \/>\n<meta name=\"twitter:card\" content=\"summary_large_image\" \/>\n<meta name=\"twitter:label1\" content=\"Escrit per\" \/>\n\t<meta name=\"twitter:data1\" content=\"campus_editor\" \/>\n\t<meta name=\"twitter:label2\" content=\"Temps estimat de lectura\" \/>\n\t<meta name=\"twitter:data2\" content=\"5 minuts\" \/>\n<script type=\"application\/ld+json\" class=\"yoast-schema-graph\">{\"@context\":\"https:\/\/schema.org\",\"@graph\":[{\"@type\":\"WebPage\",\"@id\":\"https:\/\/www.campus-cerdanya.com\/ca\/blog\/lestany-de-fontviva\/\",\"url\":\"https:\/\/www.campus-cerdanya.com\/ca\/blog\/lestany-de-fontviva\/\",\"name\":\"L\u2019Estany de Fontviva. - Campus Cerdanya\",\"isPartOf\":{\"@id\":\"https:\/\/www.campus-cerdanya.com\/ca\/#website\"},\"primaryImageOfPage\":{\"@id\":\"https:\/\/www.campus-cerdanya.com\/ca\/blog\/lestany-de-fontviva\/#primaryimage\"},\"image\":{\"@id\":\"https:\/\/www.campus-cerdanya.com\/ca\/blog\/lestany-de-fontviva\/#primaryimage\"},\"thumbnailUrl\":\"https:\/\/www.campus-cerdanya.com\/wp-content\/uploads\/2021\/07\/font-viva-lago-panoramica-pequena.jpg\",\"datePublished\":\"2021-07-02T17:50:11+00:00\",\"dateModified\":\"2021-07-07T07:08:32+00:00\",\"author\":{\"@id\":\"https:\/\/www.campus-cerdanya.com\/ca\/#\/schema\/person\/f6abc8bb03d1abe5119440bbd63de01c\"},\"breadcrumb\":{\"@id\":\"https:\/\/www.campus-cerdanya.com\/ca\/blog\/lestany-de-fontviva\/#breadcrumb\"},\"inLanguage\":\"ca\",\"potentialAction\":[{\"@type\":\"ReadAction\",\"target\":[\"https:\/\/www.campus-cerdanya.com\/ca\/blog\/lestany-de-fontviva\/\"]}]},{\"@type\":\"ImageObject\",\"inLanguage\":\"ca\",\"@id\":\"https:\/\/www.campus-cerdanya.com\/ca\/blog\/lestany-de-fontviva\/#primaryimage\",\"url\":\"https:\/\/www.campus-cerdanya.com\/wp-content\/uploads\/2021\/07\/font-viva-lago-panoramica-pequena.jpg\",\"contentUrl\":\"https:\/\/www.campus-cerdanya.com\/wp-content\/uploads\/2021\/07\/font-viva-lago-panoramica-pequena.jpg\",\"width\":600,\"height\":480,\"caption\":\"{\\\"key\\\":\\\"f2\\\"}\"},{\"@type\":\"BreadcrumbList\",\"@id\":\"https:\/\/www.campus-cerdanya.com\/ca\/blog\/lestany-de-fontviva\/#breadcrumb\",\"itemListElement\":[{\"@type\":\"ListItem\",\"position\":1,\"name\":\"Portada\",\"item\":\"https:\/\/www.campus-cerdanya.com\/ca\/\"},{\"@type\":\"ListItem\",\"position\":2,\"name\":\"L\u2019Estany de Fontviva.\"}]},{\"@type\":\"WebSite\",\"@id\":\"https:\/\/www.campus-cerdanya.com\/ca\/#website\",\"url\":\"https:\/\/www.campus-cerdanya.com\/ca\/\",\"name\":\"Campus Cerdanya\",\"description\":\"Hotel para grupos, familias y deportistas en los Pirineos.\",\"potentialAction\":[{\"@type\":\"SearchAction\",\"target\":{\"@type\":\"EntryPoint\",\"urlTemplate\":\"https:\/\/www.campus-cerdanya.com\/ca\/?s={search_term_string}\"},\"query-input\":{\"@type\":\"PropertyValueSpecification\",\"valueRequired\":true,\"valueName\":\"search_term_string\"}}],\"inLanguage\":\"ca\"},{\"@type\":\"Person\",\"@id\":\"https:\/\/www.campus-cerdanya.com\/ca\/#\/schema\/person\/f6abc8bb03d1abe5119440bbd63de01c\",\"name\":\"campus_editor\"}]}<\/script>\n<!-- \/ Yoast SEO plugin. -->","yoast_head_json":{"title":"L\u2019Estany de Fontviva. - Campus Cerdanya","robots":{"index":"index","follow":"follow","max-snippet":"max-snippet:-1","max-image-preview":"max-image-preview:large","max-video-preview":"max-video-preview:-1"},"canonical":"https:\/\/www.campus-cerdanya.com\/ca\/blog\/lestany-de-fontviva\/","og_locale":"ca_ES","og_type":"article","og_title":"L\u2019Estany de Fontviva. - Campus Cerdanya","og_description":"Quan anem al Pirineu, un dels principals atractius, al marge dels cims, el que m\u00e9s ens ve de gust \u00e9s poder veure estanys. Doncs a la [\u2026]","og_url":"https:\/\/www.campus-cerdanya.com\/ca\/blog\/lestany-de-fontviva\/","og_site_name":"Campus Cerdanya","article_published_time":"2021-07-02T17:50:11+00:00","article_modified_time":"2021-07-07T07:08:32+00:00","og_image":[{"width":600,"height":480,"url":"https:\/\/www.campus-cerdanya.com\/wp-content\/uploads\/2021\/07\/font-viva-lago-panoramica-pequena.jpg","type":"image\/jpeg"}],"author":"campus_editor","twitter_card":"summary_large_image","twitter_misc":{"Escrit per":"campus_editor","Temps estimat de lectura":"5 minuts"},"schema":{"@context":"https:\/\/schema.org","@graph":[{"@type":"WebPage","@id":"https:\/\/www.campus-cerdanya.com\/ca\/blog\/lestany-de-fontviva\/","url":"https:\/\/www.campus-cerdanya.com\/ca\/blog\/lestany-de-fontviva\/","name":"L\u2019Estany de Fontviva. - Campus Cerdanya","isPartOf":{"@id":"https:\/\/www.campus-cerdanya.com\/ca\/#website"},"primaryImageOfPage":{"@id":"https:\/\/www.campus-cerdanya.com\/ca\/blog\/lestany-de-fontviva\/#primaryimage"},"image":{"@id":"https:\/\/www.campus-cerdanya.com\/ca\/blog\/lestany-de-fontviva\/#primaryimage"},"thumbnailUrl":"https:\/\/www.campus-cerdanya.com\/wp-content\/uploads\/2021\/07\/font-viva-lago-panoramica-pequena.jpg","datePublished":"2021-07-02T17:50:11+00:00","dateModified":"2021-07-07T07:08:32+00:00","author":{"@id":"https:\/\/www.campus-cerdanya.com\/ca\/#\/schema\/person\/f6abc8bb03d1abe5119440bbd63de01c"},"breadcrumb":{"@id":"https:\/\/www.campus-cerdanya.com\/ca\/blog\/lestany-de-fontviva\/#breadcrumb"},"inLanguage":"ca","potentialAction":[{"@type":"ReadAction","target":["https:\/\/www.campus-cerdanya.com\/ca\/blog\/lestany-de-fontviva\/"]}]},{"@type":"ImageObject","inLanguage":"ca","@id":"https:\/\/www.campus-cerdanya.com\/ca\/blog\/lestany-de-fontviva\/#primaryimage","url":"https:\/\/www.campus-cerdanya.com\/wp-content\/uploads\/2021\/07\/font-viva-lago-panoramica-pequena.jpg","contentUrl":"https:\/\/www.campus-cerdanya.com\/wp-content\/uploads\/2021\/07\/font-viva-lago-panoramica-pequena.jpg","width":600,"height":480,"caption":"{\"key\":\"f2\"}"},{"@type":"BreadcrumbList","@id":"https:\/\/www.campus-cerdanya.com\/ca\/blog\/lestany-de-fontviva\/#breadcrumb","itemListElement":[{"@type":"ListItem","position":1,"name":"Portada","item":"https:\/\/www.campus-cerdanya.com\/ca\/"},{"@type":"ListItem","position":2,"name":"L\u2019Estany de Fontviva."}]},{"@type":"WebSite","@id":"https:\/\/www.campus-cerdanya.com\/ca\/#website","url":"https:\/\/www.campus-cerdanya.com\/ca\/","name":"Campus Cerdanya","description":"Hotel para grupos, familias y deportistas en los Pirineos.","potentialAction":[{"@type":"SearchAction","target":{"@type":"EntryPoint","urlTemplate":"https:\/\/www.campus-cerdanya.com\/ca\/?s={search_term_string}"},"query-input":{"@type":"PropertyValueSpecification","valueRequired":true,"valueName":"search_term_string"}}],"inLanguage":"ca"},{"@type":"Person","@id":"https:\/\/www.campus-cerdanya.com\/ca\/#\/schema\/person\/f6abc8bb03d1abe5119440bbd63de01c","name":"campus_editor"}]}},"_links":{"self":[{"href":"https:\/\/www.campus-cerdanya.com\/ca\/wp-json\/wp\/v2\/posts\/1711","targetHints":{"allow":["GET"]}}],"collection":[{"href":"https:\/\/www.campus-cerdanya.com\/ca\/wp-json\/wp\/v2\/posts"}],"about":[{"href":"https:\/\/www.campus-cerdanya.com\/ca\/wp-json\/wp\/v2\/types\/post"}],"author":[{"embeddable":true,"href":"https:\/\/www.campus-cerdanya.com\/ca\/wp-json\/wp\/v2\/users\/2"}],"replies":[{"embeddable":true,"href":"https:\/\/www.campus-cerdanya.com\/ca\/wp-json\/wp\/v2\/comments?post=1711"}],"version-history":[{"count":3,"href":"https:\/\/www.campus-cerdanya.com\/ca\/wp-json\/wp\/v2\/posts\/1711\/revisions"}],"predecessor-version":[{"id":1810,"href":"https:\/\/www.campus-cerdanya.com\/ca\/wp-json\/wp\/v2\/posts\/1711\/revisions\/1810"}],"wp:featuredmedia":[{"embeddable":true,"href":"https:\/\/www.campus-cerdanya.com\/ca\/wp-json\/wp\/v2\/media\/1800"}],"wp:attachment":[{"href":"https:\/\/www.campus-cerdanya.com\/ca\/wp-json\/wp\/v2\/media?parent=1711"}],"wp:term":[{"taxonomy":"category","embeddable":true,"href":"https:\/\/www.campus-cerdanya.com\/ca\/wp-json\/wp\/v2\/categories?post=1711"},{"taxonomy":"post_tag","embeddable":true,"href":"https:\/\/www.campus-cerdanya.com\/ca\/wp-json\/wp\/v2\/tags?post=1711"}],"curies":[{"name":"wp","href":"https:\/\/api.w.org\/{rel}","templated":true}]}}