{"id":1693,"date":"2021-07-02T15:25:59","date_gmt":"2021-07-02T15:25:59","guid":{"rendered":"https:\/\/www.campus-cerdanya.com\/?p=1693"},"modified":"2021-07-02T20:09:42","modified_gmt":"2021-07-02T20:09:42","slug":"les-fonts-del-sofre-i-del-ferro-de-llivia-3","status":"publish","type":"post","link":"https:\/\/www.campus-cerdanya.com\/ca\/blog\/les-fonts-del-sofre-i-del-ferro-de-llivia-3\/","title":{"rendered":"Les fonts del sofre i del ferro de Ll\u00edvia."},"content":{"rendered":"<p><strong>Recorregut circular pels voltants de la Vila de Ll\u00edvia (Enclau catal\u00e0 dins de territori franc\u00e8s \u2013 Tractat de Ll\u00edvia del 1660). Des del punt m\u00e9s alt d\u2019aquest itinerari situat dalt del Castell podrem gaudir d\u2019una panor\u00e0mica de 360\u00ba vers tota la Cerdanya i dels\u00a0 seus cim m\u00e9s emblem\u00e0tics com el Puigmal\u00a0 i el Puigpedr\u00f3s entre d\u2019altres i de comarques ve\u00efnes com el Pedraforca (Bergued\u00e0). Continuarem la passejada coneixent les seves fonts del sofre i del ferro com a curiositats. Un cop acabada l\u2019excursi\u00f3 es pot complementar fer una visita als diferents llocs d\u2019inter\u00e8s que ens ofereix aquesta poblaci\u00f3, la seva Esgl\u00e9sia de la Mare de D\u00e9u dels \u00c0ngels, Torre de Bernat de S\u00f3, Museu Antiga farm\u00e0cia Esteve, Foro rom\u00e0 i\u00a0 casc antic.<\/strong><\/p>\n<p><strong>Les fonts del sofre i del ferro de Ll\u00edvia<\/strong><\/p>\n<ul>\n<li>Durada: 1.15 h<\/li>\n<li>Desnivell: 100 m<\/li>\n<li>Senyalitzaci\u00f3: inexsistent<\/li>\n<li>Acc\u00e9s: Ll\u00edvia<\/li>\n<\/ul>\n<p>&nbsp;<\/p>\n<p>&nbsp;<\/p>\n<p>0.00\u2019 Per realitzar aquest recorregut prendrem com a punt de sortida l\u2019aparcament situat al darrera de l\u2019esgl\u00e9sia parroquial de la Mare de D\u00e9u dels \u00c0ngels i de la torre de Bernat de So. Des d\u2019aqu\u00ed agafem un cam\u00ed de terra que surt en direcci\u00f3 nord i que al cap de poc esdev\u00e9 un carrer asfaltat. Un cop arribem al fons d\u2019aquest carrer trobem una cru\u00eflla, on tombarem a la dreta per la pista ascendent,\u00a0 seguint l\u2019indicador de la pedrera de Ll\u00edvia.<\/p>\n<p>&nbsp;<\/p>\n<p>0.15\u2019 Arribem al Collet de Rocacanals i continuem per la pista que ara baixa suaument. D\u2019aqu\u00ed estant podem\u00a0 veure davant nostre les cases del poble d\u2019Estavar. Seguim el cam\u00ed i trobem una bifurcaci\u00f3. Deixem la pista que baixa i girem a l\u2019esquerra i cap amunt. Al cap de poc trobarem la pedrera a la nostra esquerra.<\/p>\n<p>&nbsp;<\/p>\n<div id=\"attachment_1660\" style=\"width: 310px\" class=\"wp-caption aligncenter\"><img decoding=\"async\" aria-describedby=\"caption-attachment-1660\" class=\"size-medium wp-image-1660\" src=\"https:\/\/www.campus-cerdanya.com\/wp-content\/uploads\/2021\/06\/imatge-vall-fonts_pequna-1-300x156.jpg\" alt=\"\" width=\"300\" height=\"156\" srcset=\"https:\/\/www.campus-cerdanya.com\/wp-content\/uploads\/2021\/06\/imatge-vall-fonts_pequna-1-300x156.jpg 300w, https:\/\/www.campus-cerdanya.com\/wp-content\/uploads\/2021\/06\/imatge-vall-fonts_pequna-1-260x135.jpg 260w, https:\/\/www.campus-cerdanya.com\/wp-content\/uploads\/2021\/06\/imatge-vall-fonts_pequna-1-50x26.jpg 50w, https:\/\/www.campus-cerdanya.com\/wp-content\/uploads\/2021\/06\/imatge-vall-fonts_pequna-1-145x75.jpg 145w, https:\/\/www.campus-cerdanya.com\/wp-content\/uploads\/2021\/06\/imatge-vall-fonts_pequna-1.jpg 600w\" sizes=\"(max-width:767px) 300px, 300px\" \/><p id=\"caption-attachment-1660\" class=\"wp-caption-text\"><strong>\u00a0 Imatge 1:<\/strong> Vistes de la vall.<\/p><\/div>\n<p>&nbsp;<\/p>\n<p>0.25\u2019 Despr\u00e9s de passar per l\u2019entrada de la pedrera, veiem a la dreta un sender amb uns petits graons que baixen vers un torrent (rec de l\u2019Estahuja). Identifiquem un cartell informatiu sobre la composici\u00f3 i qualitats de l\u2019aigua, davant del qual es troba la Font del Sofre, que brolla d\u2019unes pedres. Reprenem el cam\u00ed principal i seguim.<\/p>\n<p>0.30\u2019 Trobem de nou una bifurcaci\u00f3 on deixem una pista a la dreta i agafem la de l\u2019esquerra de pujada m\u00e9s forta i pedregosa. A l\u2019altre costat veiem uns prats amb una cabana, des d\u2019on s\u2019entreveu la torre de la central Th\u00e9mis i al seu damunt el pic dels Moros.<\/p>\n<p>&nbsp;<\/p>\n<p>0.40\u2019 Abans de creuar un rec, observarem a l\u2019esquerra un sender que puja i es divideix en dos. Agafem el de la dreta i passem pel costat del pont del Carrassut (antic aq\u00fceducte). Seguim el corriol\u00a0 pel costat del rec entre un bosc de pins.<\/p>\n<p>&nbsp;<\/p>\n<p style=\"text-align: center;\"><img fetchpriority=\"high\" decoding=\"async\" class=\"size-medium wp-image-1649 aligncenter\" src=\"https:\/\/www.campus-cerdanya.com\/wp-content\/uploads\/2021\/06\/pont-del-carrassut_pequna-300x240.jpg\" alt=\"\" width=\"300\" height=\"240\" srcset=\"https:\/\/www.campus-cerdanya.com\/wp-content\/uploads\/2021\/06\/pont-del-carrassut_pequna-300x240.jpg 300w, https:\/\/www.campus-cerdanya.com\/wp-content\/uploads\/2021\/06\/pont-del-carrassut_pequna-183x146.jpg 183w, https:\/\/www.campus-cerdanya.com\/wp-content\/uploads\/2021\/06\/pont-del-carrassut_pequna-50x40.jpg 50w, https:\/\/www.campus-cerdanya.com\/wp-content\/uploads\/2021\/06\/pont-del-carrassut_pequna-94x75.jpg 94w, https:\/\/www.campus-cerdanya.com\/wp-content\/uploads\/2021\/06\/pont-del-carrassut_pequna.jpg 600w\" sizes=\"(max-width:767px) 300px, 300px\" \/><strong> Imatge 2:<\/strong> Pont del Carrassut.<\/p>\n<p>&nbsp;<\/p>\n<p>0.45\u2019 Arribem a la Font del Ferro. Es tracta d\u2019un raig d\u2019aigua situat en un lloc molt enclotat amb uns bancs al costat. Observarem que al seu voltant el terra t\u00e9 un color ataronjat molt caracter\u00edstic d\u2019aquests tipus d\u2019aig\u00fces.<\/p>\n<p>&nbsp;<\/p>\n<div id=\"attachment_1637\" style=\"width: 310px\" class=\"wp-caption aligncenter\"><img decoding=\"async\" aria-describedby=\"caption-attachment-1637\" class=\"size-medium wp-image-1637\" src=\"https:\/\/www.campus-cerdanya.com\/wp-content\/uploads\/2021\/06\/font-del-ferro_pequna-300x240.jpg\" alt=\"\" width=\"300\" height=\"240\" srcset=\"https:\/\/www.campus-cerdanya.com\/wp-content\/uploads\/2021\/06\/font-del-ferro_pequna-300x240.jpg 300w, https:\/\/www.campus-cerdanya.com\/wp-content\/uploads\/2021\/06\/font-del-ferro_pequna-183x146.jpg 183w, https:\/\/www.campus-cerdanya.com\/wp-content\/uploads\/2021\/06\/font-del-ferro_pequna-50x40.jpg 50w, https:\/\/www.campus-cerdanya.com\/wp-content\/uploads\/2021\/06\/font-del-ferro_pequna-94x75.jpg 94w, https:\/\/www.campus-cerdanya.com\/wp-content\/uploads\/2021\/06\/font-del-ferro_pequna.jpg 600w\" sizes=\"(max-width:767px) 300px, 300px\" \/><p id=\"caption-attachment-1637\" class=\"wp-caption-text\"><strong>\u00a0 \u00a0 \u00a0 \u00a0 \u00a0 \u00a0 Imatge 3:<\/strong> Font de Ferro.<\/p><\/div>\n<p>&nbsp;<\/p>\n<p>El cam\u00ed de tornada cap a Ll\u00edvia el farem pel mateix recorregut, ara a l\u2019inrev\u00e9s.<\/p>\n<p>&nbsp;<\/p>\n<p>1.15\u2019 Arribada al punt de sortida. Un cop aqu\u00ed podem aprofitar per fer una visita a l\u2019esgl\u00e9sia parroquial de la Mare de D\u00e9u dels \u00c0ngels a la torre Bernat de So al museu de l\u2019antiga farm\u00e0cia de Ll\u00edvia.<\/p>\n<p>&nbsp;<\/p>\n<p><strong>LL\u00cdVIA<\/strong><\/p>\n<p>Altitud: 1.224 m.<\/p>\n<p>&nbsp;<\/p>\n<p>Municipi d\u2019una gran import\u00e0ncia al llarg de la hist\u00f2ria pel fet d\u2019\u00e9sser geopol\u00edticament un enclavament d\u2019Espanya dins de Fran\u00e7a des de l\u2019any 1659. Parlar de la hist\u00f2ria de Ll\u00edvia \u00e9s parlar de la hist\u00f2ria de la Cerdanya.<\/p>\n<p>&nbsp;<\/p>\n<p>El top\u00f2nim derivaria del format entre el nom llat\u00ed Iulia, referent a la gens Iulia de l\u2019emperador rom\u00e0 C\u00e8sar, i Lybica o Libika, que podria venir del basc: Ili i bikain = \u201cciutat excel.lent\u201d, segons Guiter. En canvi, Coromines defensa el nom de Cere per a la Ll\u00edvia ind\u00edgena.<\/p>\n<p>&nbsp;<\/p>\n<p><strong>\u00a0<\/strong><\/p>\n<p>Llocs d\u2019inter\u00e8s :<\/p>\n<p>Restes del Castell Medieval. S. XIII.<\/p>\n<p>Esgl\u00e9sia de Mare de D\u00e9u dels \u00c0ngels. G\u00f2tic tard\u00e0. S. XVI-XVII. Retaules i mobiliari divers. Orgue.<\/p>\n<p>Torre Bernat de So. Probablement del s. XV.<\/p>\n<p>Antiga farm\u00e0cia Esteva.<\/p>\n<p>Ermita de Sant Guillem de la Prada.<\/p>\n<p>&nbsp;<\/p>\n<p>&nbsp;<\/p>\n<p>&nbsp;<\/p>\n<p>&nbsp;<\/p>\n<p>&nbsp;<\/p>\n<p>&nbsp;<\/p>\n<p>&nbsp;<\/p>\n<p style=\"text-align: right;\"><strong>Joan Carles Mart\u00ednez<\/strong><\/p>\n<p style=\"text-align: right;\"><strong>Campus Cerdanya<\/strong><\/p>\n","protected":false},"excerpt":{"rendered":"<p>Recorregut circular pels voltants de la Vila de Ll\u00edvia (Enclau catal\u00e0 dins de territori franc\u00e8s \u2013 Tractat de Ll\u00edvia del 1660). Des del punt m\u00e9s alt<span class=\"excerpt-hellip\"> [\u2026]<\/span><\/p>\n","protected":false},"author":2,"featured_media":1640,"comment_status":"closed","ping_status":"closed","sticky":false,"template":"","format":"standard","meta":{"_acf_changed":false,"footnotes":""},"categories":[34],"tags":[],"class_list":["post-1693","post","type-post","status-publish","format-standard","has-post-thumbnail","hentry","category-excursions"],"acf":[],"yoast_head":"<!-- This site is optimized with the Yoast SEO plugin v24.2 - https:\/\/yoast.com\/wordpress\/plugins\/seo\/ -->\n<title>Les fonts del sofre i del ferro de Ll\u00edvia. - Campus Cerdanya<\/title>\n<meta name=\"robots\" content=\"index, follow, max-snippet:-1, max-image-preview:large, max-video-preview:-1\" \/>\n<link rel=\"canonical\" href=\"https:\/\/www.campus-cerdanya.com\/ca\/blog\/les-fonts-del-sofre-i-del-ferro-de-llivia-3\/\" \/>\n<meta property=\"og:locale\" content=\"ca_ES\" \/>\n<meta property=\"og:type\" content=\"article\" \/>\n<meta property=\"og:title\" content=\"Les fonts del sofre i del ferro de Ll\u00edvia. - Campus Cerdanya\" \/>\n<meta property=\"og:description\" content=\"Recorregut circular pels voltants de la Vila de Ll\u00edvia (Enclau catal\u00e0 dins de territori franc\u00e8s \u2013 Tractat de Ll\u00edvia del 1660). Des del punt m\u00e9s alt [\u2026]\" \/>\n<meta property=\"og:url\" content=\"https:\/\/www.campus-cerdanya.com\/ca\/blog\/les-fonts-del-sofre-i-del-ferro-de-llivia-3\/\" \/>\n<meta property=\"og:site_name\" content=\"Campus Cerdanya\" \/>\n<meta property=\"article:published_time\" content=\"2021-07-02T15:25:59+00:00\" \/>\n<meta property=\"article:modified_time\" content=\"2021-07-02T20:09:42+00:00\" \/>\n<meta property=\"og:image\" content=\"https:\/\/www.campus-cerdanya.com\/wp-content\/uploads\/2021\/06\/font-del-ferro_pequna-1.jpg\" \/>\n\t<meta property=\"og:image:width\" content=\"600\" \/>\n\t<meta property=\"og:image:height\" content=\"480\" \/>\n\t<meta property=\"og:image:type\" content=\"image\/jpeg\" \/>\n<meta name=\"author\" content=\"campus_editor\" \/>\n<meta name=\"twitter:card\" content=\"summary_large_image\" \/>\n<meta name=\"twitter:label1\" content=\"Escrit per\" \/>\n\t<meta name=\"twitter:data1\" content=\"campus_editor\" \/>\n\t<meta name=\"twitter:label2\" content=\"Temps estimat de lectura\" \/>\n\t<meta name=\"twitter:data2\" content=\"4 minuts\" \/>\n<script type=\"application\/ld+json\" class=\"yoast-schema-graph\">{\"@context\":\"https:\/\/schema.org\",\"@graph\":[{\"@type\":\"WebPage\",\"@id\":\"https:\/\/www.campus-cerdanya.com\/ca\/blog\/les-fonts-del-sofre-i-del-ferro-de-llivia-3\/\",\"url\":\"https:\/\/www.campus-cerdanya.com\/ca\/blog\/les-fonts-del-sofre-i-del-ferro-de-llivia-3\/\",\"name\":\"Les fonts del sofre i del ferro de Ll\u00edvia. - Campus Cerdanya\",\"isPartOf\":{\"@id\":\"https:\/\/www.campus-cerdanya.com\/ca\/#website\"},\"primaryImageOfPage\":{\"@id\":\"https:\/\/www.campus-cerdanya.com\/ca\/blog\/les-fonts-del-sofre-i-del-ferro-de-llivia-3\/#primaryimage\"},\"image\":{\"@id\":\"https:\/\/www.campus-cerdanya.com\/ca\/blog\/les-fonts-del-sofre-i-del-ferro-de-llivia-3\/#primaryimage\"},\"thumbnailUrl\":\"https:\/\/www.campus-cerdanya.com\/wp-content\/uploads\/2021\/06\/font-del-ferro_pequna-1.jpg\",\"datePublished\":\"2021-07-02T15:25:59+00:00\",\"dateModified\":\"2021-07-02T20:09:42+00:00\",\"author\":{\"@id\":\"https:\/\/www.campus-cerdanya.com\/ca\/#\/schema\/person\/f6abc8bb03d1abe5119440bbd63de01c\"},\"breadcrumb\":{\"@id\":\"https:\/\/www.campus-cerdanya.com\/ca\/blog\/les-fonts-del-sofre-i-del-ferro-de-llivia-3\/#breadcrumb\"},\"inLanguage\":\"ca\",\"potentialAction\":[{\"@type\":\"ReadAction\",\"target\":[\"https:\/\/www.campus-cerdanya.com\/ca\/blog\/les-fonts-del-sofre-i-del-ferro-de-llivia-3\/\"]}]},{\"@type\":\"ImageObject\",\"inLanguage\":\"ca\",\"@id\":\"https:\/\/www.campus-cerdanya.com\/ca\/blog\/les-fonts-del-sofre-i-del-ferro-de-llivia-3\/#primaryimage\",\"url\":\"https:\/\/www.campus-cerdanya.com\/wp-content\/uploads\/2021\/06\/font-del-ferro_pequna-1.jpg\",\"contentUrl\":\"https:\/\/www.campus-cerdanya.com\/wp-content\/uploads\/2021\/06\/font-del-ferro_pequna-1.jpg\",\"width\":600,\"height\":480,\"caption\":\"Font del sofre.\"},{\"@type\":\"BreadcrumbList\",\"@id\":\"https:\/\/www.campus-cerdanya.com\/ca\/blog\/les-fonts-del-sofre-i-del-ferro-de-llivia-3\/#breadcrumb\",\"itemListElement\":[{\"@type\":\"ListItem\",\"position\":1,\"name\":\"Portada\",\"item\":\"https:\/\/www.campus-cerdanya.com\/ca\/\"},{\"@type\":\"ListItem\",\"position\":2,\"name\":\"Les fonts del sofre i del ferro de Ll\u00edvia.\"}]},{\"@type\":\"WebSite\",\"@id\":\"https:\/\/www.campus-cerdanya.com\/ca\/#website\",\"url\":\"https:\/\/www.campus-cerdanya.com\/ca\/\",\"name\":\"Campus Cerdanya\",\"description\":\"Hotel para grupos, familias y deportistas en los Pirineos.\",\"potentialAction\":[{\"@type\":\"SearchAction\",\"target\":{\"@type\":\"EntryPoint\",\"urlTemplate\":\"https:\/\/www.campus-cerdanya.com\/ca\/?s={search_term_string}\"},\"query-input\":{\"@type\":\"PropertyValueSpecification\",\"valueRequired\":true,\"valueName\":\"search_term_string\"}}],\"inLanguage\":\"ca\"},{\"@type\":\"Person\",\"@id\":\"https:\/\/www.campus-cerdanya.com\/ca\/#\/schema\/person\/f6abc8bb03d1abe5119440bbd63de01c\",\"name\":\"campus_editor\"}]}<\/script>\n<!-- \/ Yoast SEO plugin. -->","yoast_head_json":{"title":"Les fonts del sofre i del ferro de Ll\u00edvia. - Campus Cerdanya","robots":{"index":"index","follow":"follow","max-snippet":"max-snippet:-1","max-image-preview":"max-image-preview:large","max-video-preview":"max-video-preview:-1"},"canonical":"https:\/\/www.campus-cerdanya.com\/ca\/blog\/les-fonts-del-sofre-i-del-ferro-de-llivia-3\/","og_locale":"ca_ES","og_type":"article","og_title":"Les fonts del sofre i del ferro de Ll\u00edvia. - Campus Cerdanya","og_description":"Recorregut circular pels voltants de la Vila de Ll\u00edvia (Enclau catal\u00e0 dins de territori franc\u00e8s \u2013 Tractat de Ll\u00edvia del 1660). Des del punt m\u00e9s alt [\u2026]","og_url":"https:\/\/www.campus-cerdanya.com\/ca\/blog\/les-fonts-del-sofre-i-del-ferro-de-llivia-3\/","og_site_name":"Campus Cerdanya","article_published_time":"2021-07-02T15:25:59+00:00","article_modified_time":"2021-07-02T20:09:42+00:00","og_image":[{"width":600,"height":480,"url":"https:\/\/www.campus-cerdanya.com\/wp-content\/uploads\/2021\/06\/font-del-ferro_pequna-1.jpg","type":"image\/jpeg"}],"author":"campus_editor","twitter_card":"summary_large_image","twitter_misc":{"Escrit per":"campus_editor","Temps estimat de lectura":"4 minuts"},"schema":{"@context":"https:\/\/schema.org","@graph":[{"@type":"WebPage","@id":"https:\/\/www.campus-cerdanya.com\/ca\/blog\/les-fonts-del-sofre-i-del-ferro-de-llivia-3\/","url":"https:\/\/www.campus-cerdanya.com\/ca\/blog\/les-fonts-del-sofre-i-del-ferro-de-llivia-3\/","name":"Les fonts del sofre i del ferro de Ll\u00edvia. - Campus Cerdanya","isPartOf":{"@id":"https:\/\/www.campus-cerdanya.com\/ca\/#website"},"primaryImageOfPage":{"@id":"https:\/\/www.campus-cerdanya.com\/ca\/blog\/les-fonts-del-sofre-i-del-ferro-de-llivia-3\/#primaryimage"},"image":{"@id":"https:\/\/www.campus-cerdanya.com\/ca\/blog\/les-fonts-del-sofre-i-del-ferro-de-llivia-3\/#primaryimage"},"thumbnailUrl":"https:\/\/www.campus-cerdanya.com\/wp-content\/uploads\/2021\/06\/font-del-ferro_pequna-1.jpg","datePublished":"2021-07-02T15:25:59+00:00","dateModified":"2021-07-02T20:09:42+00:00","author":{"@id":"https:\/\/www.campus-cerdanya.com\/ca\/#\/schema\/person\/f6abc8bb03d1abe5119440bbd63de01c"},"breadcrumb":{"@id":"https:\/\/www.campus-cerdanya.com\/ca\/blog\/les-fonts-del-sofre-i-del-ferro-de-llivia-3\/#breadcrumb"},"inLanguage":"ca","potentialAction":[{"@type":"ReadAction","target":["https:\/\/www.campus-cerdanya.com\/ca\/blog\/les-fonts-del-sofre-i-del-ferro-de-llivia-3\/"]}]},{"@type":"ImageObject","inLanguage":"ca","@id":"https:\/\/www.campus-cerdanya.com\/ca\/blog\/les-fonts-del-sofre-i-del-ferro-de-llivia-3\/#primaryimage","url":"https:\/\/www.campus-cerdanya.com\/wp-content\/uploads\/2021\/06\/font-del-ferro_pequna-1.jpg","contentUrl":"https:\/\/www.campus-cerdanya.com\/wp-content\/uploads\/2021\/06\/font-del-ferro_pequna-1.jpg","width":600,"height":480,"caption":"Font del sofre."},{"@type":"BreadcrumbList","@id":"https:\/\/www.campus-cerdanya.com\/ca\/blog\/les-fonts-del-sofre-i-del-ferro-de-llivia-3\/#breadcrumb","itemListElement":[{"@type":"ListItem","position":1,"name":"Portada","item":"https:\/\/www.campus-cerdanya.com\/ca\/"},{"@type":"ListItem","position":2,"name":"Les fonts del sofre i del ferro de Ll\u00edvia."}]},{"@type":"WebSite","@id":"https:\/\/www.campus-cerdanya.com\/ca\/#website","url":"https:\/\/www.campus-cerdanya.com\/ca\/","name":"Campus Cerdanya","description":"Hotel para grupos, familias y deportistas en los Pirineos.","potentialAction":[{"@type":"SearchAction","target":{"@type":"EntryPoint","urlTemplate":"https:\/\/www.campus-cerdanya.com\/ca\/?s={search_term_string}"},"query-input":{"@type":"PropertyValueSpecification","valueRequired":true,"valueName":"search_term_string"}}],"inLanguage":"ca"},{"@type":"Person","@id":"https:\/\/www.campus-cerdanya.com\/ca\/#\/schema\/person\/f6abc8bb03d1abe5119440bbd63de01c","name":"campus_editor"}]}},"_links":{"self":[{"href":"https:\/\/www.campus-cerdanya.com\/ca\/wp-json\/wp\/v2\/posts\/1693","targetHints":{"allow":["GET"]}}],"collection":[{"href":"https:\/\/www.campus-cerdanya.com\/ca\/wp-json\/wp\/v2\/posts"}],"about":[{"href":"https:\/\/www.campus-cerdanya.com\/ca\/wp-json\/wp\/v2\/types\/post"}],"author":[{"embeddable":true,"href":"https:\/\/www.campus-cerdanya.com\/ca\/wp-json\/wp\/v2\/users\/2"}],"replies":[{"embeddable":true,"href":"https:\/\/www.campus-cerdanya.com\/ca\/wp-json\/wp\/v2\/comments?post=1693"}],"version-history":[{"count":6,"href":"https:\/\/www.campus-cerdanya.com\/ca\/wp-json\/wp\/v2\/posts\/1693\/revisions"}],"predecessor-version":[{"id":1695,"href":"https:\/\/www.campus-cerdanya.com\/ca\/wp-json\/wp\/v2\/posts\/1693\/revisions\/1695"}],"wp:featuredmedia":[{"embeddable":true,"href":"https:\/\/www.campus-cerdanya.com\/ca\/wp-json\/wp\/v2\/media\/1640"}],"wp:attachment":[{"href":"https:\/\/www.campus-cerdanya.com\/ca\/wp-json\/wp\/v2\/media?parent=1693"}],"wp:term":[{"taxonomy":"category","embeddable":true,"href":"https:\/\/www.campus-cerdanya.com\/ca\/wp-json\/wp\/v2\/categories?post=1693"},{"taxonomy":"post_tag","embeddable":true,"href":"https:\/\/www.campus-cerdanya.com\/ca\/wp-json\/wp\/v2\/tags?post=1693"}],"curies":[{"name":"wp","href":"https:\/\/api.w.org\/{rel}","templated":true}]}}