{"id":1685,"date":"2021-06-29T09:41:19","date_gmt":"2021-06-29T09:41:19","guid":{"rendered":"https:\/\/www.campus-cerdanya.com\/blog\/les-gorges-del-segre\/"},"modified":"2021-07-04T15:03:30","modified_gmt":"2021-07-04T15:03:30","slug":"les-gorges-del-segre","status":"publish","type":"post","link":"https:\/\/www.campus-cerdanya.com\/ca\/blog\/les-gorges-del-segre\/","title":{"rendered":"Llo, St. Feliu de Castellvell i les gorges del Segre"},"content":{"rendered":"<p>&nbsp;<\/p>\n<p><strong>En aquesta excursi\u00f3 podrem veure un dels rius m\u00e9s importants del nostre pa\u00eds en la seva m\u00ednima expressi\u00f3 i que t\u00e9 el seu naixement sota el Pic del Segre (Fran\u00e7a). Com a punt de partida tindrem la petita poblaci\u00f3 de l\u2019Alta Cerdanya de Llo des d\u2019on anirem resseguint el curs \u00a0del Segre fins a remuntar les seves cingleres de m\u00e9s d\u2019un centenar de metres d\u2019altura per gaudir d\u2019unes espectaculars vistes dalt de St. Feliu de Castellvell (restes de l\u2019antiga esgl\u00e9sia i castell), un cop baixem recorrerem els seus carrers amb forts pendents per retrobar el punt d\u2019inici just al costat de l\u2019Esgl\u00e9sia de St. Fructu\u00f3s. Un cop finalitzada aquesta ruta podrem gaudir de les aig\u00fces termals en el centre l\u00fadic d\u2019aquesta poblaci\u00f3.<\/strong><\/p>\n<p><strong>\u00a0<\/strong><\/p>\n<p><strong>\u00a0<\/strong><\/p>\n<ul>\n<li>Durada: 2.10 h<\/li>\n<li>Desnivell: 250 m<\/li>\n<li>Senyalitzaci\u00f3: PR (senyals grocs) i GR (vermell\/blanc)<\/li>\n<li>Acc\u00e9s: Ens dirigim al poble de Sallagosa. Un cop al mig del nucli urb\u00e0, trenquem\u00a0 a la dreta seguint per la D-33 fins a Llo.<\/li>\n<\/ul>\n<p>&nbsp;<\/p>\n<p>0.00\u2019 El punt de sortida d\u2019aquesta excursi\u00f3 \u00e9s l\u2019Esgl\u00e9sia de St. Fructu\u00f3s. Comencem la marxa per\u00a0 la carretera d\u2019Eina (D-33), fins que trobem un senyal que indica a la dreta \u201c<em>Le village<\/em>\u201d. Seguim els senyals del GR sempre amunt. Trobem una petita pla\u00e7a i a pocs metres a la dreta una font que rep\u00a0 el nom de \u201cFont de la Miquela\u201d.<\/p>\n<p>&nbsp;<\/p>\n<p>0.10\u2019 Des de la \u201cFont de la Miquela\u201d, pugem uns 20 m i agafem un carrer ascendent a la dreta, en el qual hi trobem unes marques de color groc, i un senyal de direcci\u00f3 prohibida per als vehicles.<\/p>\n<p>&nbsp;<\/p>\n<p>0.15\u2019 Cru\u00eflla de camins. A la nostra dreta tenim el Castell de Llo, i a l\u2019esquerra es pot entreveure la Torre de Vaquer\u00f3 (torre de guaita). Seguim el cam\u00ed cap a la dreta.<\/p>\n<p>&nbsp;<\/p>\n<p>0.20\u2019 Final del carrer i punt on deixem el poble per enfilar-nos cap a St. Feliu de Castellvell. Aqu\u00ed trobem dues fonts, uns d\u2019elles anomenada la \u201cFont de la Monja\u201d. A partir d\u2019ara, anirem sempre pel cam\u00ed principal i m\u00e9s evident sense agafar cap drecera.<\/p>\n<p>&nbsp;<\/p>\n<p>0.45\u2019 Arribem a un petit coll. En aquest punt trobem com a refer\u00e8ncia 2 cartells: Llo (per on hem pujat) i Llo per Mas Patir\u00e0s. A la dreta identifiquem les ru\u00efnes de St. Feliu dalt d\u2019un petit tur\u00f3. Agafem un petit sender en aquesta direcci\u00f3.<\/p>\n<p>&nbsp;<\/p>\n<p>0.55\u2019 St. Feliu de Castellvell. Bona panor\u00e0mica de la Cerdanya. En aquest punt arriba la Via ferrada de Llo, que t\u00e9 el seu inici al fons de l\u2019engorjat. Baixem pel mateix sender fins a retrobar el cam\u00ed principal.<\/p>\n<p>&nbsp;<\/p>\n<div id=\"attachment_1673\" style=\"width: 310px\" class=\"wp-caption aligncenter\"><img fetchpriority=\"high\" decoding=\"async\" aria-describedby=\"caption-attachment-1673\" class=\"size-medium wp-image-1673\" src=\"https:\/\/www.campus-cerdanya.com\/wp-content\/uploads\/2021\/06\/gorges-del-segre-2-1-300x240.jpg\" alt=\"\" width=\"300\" height=\"240\" srcset=\"https:\/\/www.campus-cerdanya.com\/wp-content\/uploads\/2021\/06\/gorges-del-segre-2-1-300x240.jpg 300w, https:\/\/www.campus-cerdanya.com\/wp-content\/uploads\/2021\/06\/gorges-del-segre-2-1-1024x819.jpg 1024w, https:\/\/www.campus-cerdanya.com\/wp-content\/uploads\/2021\/06\/gorges-del-segre-2-1-768x614.jpg 768w, https:\/\/www.campus-cerdanya.com\/wp-content\/uploads\/2021\/06\/gorges-del-segre-2-1-183x146.jpg 183w, https:\/\/www.campus-cerdanya.com\/wp-content\/uploads\/2021\/06\/gorges-del-segre-2-1-50x40.jpg 50w, https:\/\/www.campus-cerdanya.com\/wp-content\/uploads\/2021\/06\/gorges-del-segre-2-1-94x75.jpg 94w, https:\/\/www.campus-cerdanya.com\/wp-content\/uploads\/2021\/06\/gorges-del-segre-2-1.jpg 1536w\" sizes=\"(max-width:767px) 300px, 300px\" \/><p id=\"caption-attachment-1673\" class=\"wp-caption-text\"><strong>\u00a0 \u00a0 \u00a0 \u00a0 \u00a0 \u00a0 \u00a0Imatge 1:<\/strong> Esgl\u00e9sia de Sant Feliu.<\/p><\/div>\n<p>&nbsp;<\/p>\n<p>1.05\u2019 Continuem la marxa en direcci\u00f3 Llo per Mas Patir\u00e0s. El cam\u00ed \u00e9s ara molt m\u00e9s agradable, planejant per damunt de les espectaculars gorges del Segre. Bones vistes del fons de la vall.<\/p>\n<p>&nbsp;<\/p>\n<div id=\"attachment_1679\" style=\"width: 310px\" class=\"wp-caption aligncenter\"><img decoding=\"async\" aria-describedby=\"caption-attachment-1679\" class=\"size-medium wp-image-1679\" src=\"https:\/\/www.campus-cerdanya.com\/wp-content\/uploads\/2021\/06\/gorges-del-segre-3_pequna-300x240.jpg\" alt=\"\" width=\"300\" height=\"240\" srcset=\"https:\/\/www.campus-cerdanya.com\/wp-content\/uploads\/2021\/06\/gorges-del-segre-3_pequna-300x240.jpg 300w, https:\/\/www.campus-cerdanya.com\/wp-content\/uploads\/2021\/06\/gorges-del-segre-3_pequna-183x146.jpg 183w, https:\/\/www.campus-cerdanya.com\/wp-content\/uploads\/2021\/06\/gorges-del-segre-3_pequna-50x40.jpg 50w, https:\/\/www.campus-cerdanya.com\/wp-content\/uploads\/2021\/06\/gorges-del-segre-3_pequna-94x75.jpg 94w, https:\/\/www.campus-cerdanya.com\/wp-content\/uploads\/2021\/06\/gorges-del-segre-3_pequna.jpg 600w\" sizes=\"(max-width:767px) 300px, 300px\" \/><p id=\"caption-attachment-1679\" class=\"wp-caption-text\"><strong>\u00a0 \u00a0 \u00a0 \u00a0 \u00a0 \u00a0 Imatge 2:<\/strong> Part de l&#8217;excursi\u00f3.<\/p><\/div>\n<p>&nbsp;<\/p>\n<p>1.30\u2019 Mas Patir\u00e0s. Arribem fins a aquest punt tot travessant les instal\u00b7lacions d\u2019aquest mas que es dedica a l\u2019elaboraci\u00f3 de productes l\u00e0ctics de cabra. Arribem a nivell de la carretera i el riu Segre. Trenquem a m\u00e0 dreta tot seguint el curs del riu. Passarem per sota de la Via Ferrada.<\/p>\n<p>&nbsp;<\/p>\n<p>2.05\u2019 Banys de Llo (Establiment Termal). Seguim encara per la carretera, i a uns 50 m tombem a la dreta per un carrer\u00f3 asfaltat, a l\u2019entrada del qual hi ha 2 senyals de tr\u00e0nsit i un petit cartell groc.\u00a0 Just a l\u2019al\u00e7ada de l\u2019esgl\u00e9sia, trenquem a l\u2019esquerra.<\/p>\n<p>&nbsp;<\/p>\n<p>2.10\u2019 Arribem al punt de sortida a l\u2019esgl\u00e9sia de St. Fructu\u00f3s.<\/p>\n<p>&nbsp;<\/p>\n<p>* Nota: aquest recorregut est\u00e0 senyalitzat a la inversa, per\u00f2 l\u2019he ressenyat aix\u00ed per evitar la forta baixada que fa el cam\u00ed de St. Feliu de Castellvell fins a Llo.<\/p>\n<p>&nbsp;<\/p>\n<p>&nbsp;<\/p>\n<p>&nbsp;<\/p>\n<h2><a name=\"_Toc8477812\"><\/a><a name=\"_Toc8630913\"><\/a><a name=\"_Toc14153396\"><\/a><strong>LLO <\/strong><\/h2>\n<p>Altitud: 1.390 m.<\/p>\n<p>&nbsp;<\/p>\n<p>&nbsp;<\/p>\n<p>El poble de Llo es troba enlairat a la sortida de la vall, a la dreta del Segre i al vessant del tur\u00f3 de Sant Feliu. El top\u00f2nim deriva de <em>lone<\/em> = &#8220;fang o fangar&#8221;, d&#8217;on podria sortir <em>Alone, Allone <\/em>i <em>l&#8217; Allone<\/em>. Un altra possibilitat \u00e9s <em>Ala une<\/em> = &#8220;espai de pastura&#8221;.<\/p>\n<p>Llo \u00e9s, segurament, un dels pobles m\u00e9s pintorescs de la Cerdanya, amb les seves cases d\u2019esquist i els seus carrers amb forts pendents. I tamb\u00e9 un dels llocs cerdans coneguts on primer s&#8217;instal\u00b7l\u00e0 l&#8217;home. Dalt del tur\u00f3, dominat per la capella rom\u00e0nica de Sant Feliu unes excavacions\u00a0 arqueol\u00f2giques posaren al descobert un assentament hum\u00e0 de m\u00e9s de 3.000 anys de durada, situable entre el neol\u00edtic i l&#8217;\u00e8poca romana, tot i que va continuar essent freq\u00fcentat durant l&#8217;edat mitjana. S\u00f3n molts els que diuen que l\u2019esgl\u00e9sia rom\u00e0nica de Llo, de la fi del segle XII, \u00e9s una de les m\u00e9s perfectes de Cerdanya, amb la seva nau \u00fanica a la qual li han afegit capelles en el segle XVIII, el campanar d\u2019espadanya i, sobretot, un absis i un portal admirablement escolpits. \u00c9s un dels millors exemples del rom\u00e0nic cerd\u00e0 tard\u00e0. El Segre, que desemboca a l\u2019Ebre, despr\u00e9s de 265 quil\u00f2metres, neix a Llo, a la vora del coll de Finestrelles, des d&#8217;on podem anar fins al santuari de la Mare de D\u00e9u de N\u00faria.<\/p>\n<p>&nbsp;<\/p>\n<p>Llocs d\u2019inter\u00e8s:<\/p>\n<p>Castell de Llo.<\/p>\n<p>Torre de Vaquer\u00f3.<\/p>\n<p>Esgl\u00e9sia de Sant Fructu\u00f3sde Llo.<\/p>\n<p>St. Feliu de Castellvell de Llo (ru\u00efnes).<\/p>\n<p>&nbsp;<\/p>\n<p>&nbsp;<\/p>\n<p style=\"text-align: right;\"><strong>Joan Carles Mart\u00ednez<\/strong><\/p>\n<p style=\"text-align: right;\"><strong>Campus Cerdanya <\/strong><\/p>\n","protected":false},"excerpt":{"rendered":"<p>&nbsp; En aquesta excursi\u00f3 podrem veure un dels rius m\u00e9s importants del nostre pa\u00eds en la seva m\u00ednima expressi\u00f3 i que t\u00e9 el seu naixement sota<span class=\"excerpt-hellip\"> [\u2026]<\/span><\/p>\n","protected":false},"author":2,"featured_media":1676,"comment_status":"closed","ping_status":"closed","sticky":false,"template":"","format":"standard","meta":{"_acf_changed":false,"footnotes":""},"categories":[34],"tags":[],"class_list":["post-1685","post","type-post","status-publish","format-standard","has-post-thumbnail","hentry","category-excursions"],"acf":[],"yoast_head":"<!-- This site is optimized with the Yoast SEO plugin v24.2 - https:\/\/yoast.com\/wordpress\/plugins\/seo\/ -->\n<title>Llo, St. Feliu de Castellvell i les gorges del Segre - Campus Cerdanya<\/title>\n<meta name=\"robots\" content=\"index, follow, max-snippet:-1, max-image-preview:large, max-video-preview:-1\" \/>\n<link rel=\"canonical\" href=\"https:\/\/www.campus-cerdanya.com\/ca\/blog\/les-gorges-del-segre\/\" \/>\n<meta property=\"og:locale\" content=\"ca_ES\" \/>\n<meta property=\"og:type\" content=\"article\" \/>\n<meta property=\"og:title\" content=\"Llo, St. Feliu de Castellvell i les gorges del Segre - Campus Cerdanya\" \/>\n<meta property=\"og:description\" content=\"&nbsp; En aquesta excursi\u00f3 podrem veure un dels rius m\u00e9s importants del nostre pa\u00eds en la seva m\u00ednima expressi\u00f3 i que t\u00e9 el seu naixement sota [\u2026]\" \/>\n<meta property=\"og:url\" content=\"https:\/\/www.campus-cerdanya.com\/ca\/blog\/les-gorges-del-segre\/\" \/>\n<meta property=\"og:site_name\" content=\"Campus Cerdanya\" \/>\n<meta property=\"article:published_time\" content=\"2021-06-29T09:41:19+00:00\" \/>\n<meta property=\"article:modified_time\" content=\"2021-07-04T15:03:30+00:00\" \/>\n<meta property=\"og:image\" content=\"https:\/\/www.campus-cerdanya.com\/wp-content\/uploads\/2021\/06\/gorges-del-segre-1_pequena.jpg\" \/>\n\t<meta property=\"og:image:width\" content=\"600\" \/>\n\t<meta property=\"og:image:height\" content=\"480\" \/>\n\t<meta property=\"og:image:type\" content=\"image\/jpeg\" \/>\n<meta name=\"author\" content=\"campus_editor\" \/>\n<meta name=\"twitter:card\" content=\"summary_large_image\" \/>\n<meta name=\"twitter:label1\" content=\"Escrit per\" \/>\n\t<meta name=\"twitter:data1\" content=\"campus_editor\" \/>\n\t<meta name=\"twitter:label2\" content=\"Temps estimat de lectura\" \/>\n\t<meta name=\"twitter:data2\" content=\"5 minuts\" \/>\n<script type=\"application\/ld+json\" class=\"yoast-schema-graph\">{\"@context\":\"https:\/\/schema.org\",\"@graph\":[{\"@type\":\"WebPage\",\"@id\":\"https:\/\/www.campus-cerdanya.com\/ca\/blog\/les-gorges-del-segre\/\",\"url\":\"https:\/\/www.campus-cerdanya.com\/ca\/blog\/les-gorges-del-segre\/\",\"name\":\"Llo, St. Feliu de Castellvell i les gorges del Segre - Campus Cerdanya\",\"isPartOf\":{\"@id\":\"https:\/\/www.campus-cerdanya.com\/ca\/#website\"},\"primaryImageOfPage\":{\"@id\":\"https:\/\/www.campus-cerdanya.com\/ca\/blog\/les-gorges-del-segre\/#primaryimage\"},\"image\":{\"@id\":\"https:\/\/www.campus-cerdanya.com\/ca\/blog\/les-gorges-del-segre\/#primaryimage\"},\"thumbnailUrl\":\"https:\/\/www.campus-cerdanya.com\/wp-content\/uploads\/2021\/06\/gorges-del-segre-1_pequena.jpg\",\"datePublished\":\"2021-06-29T09:41:19+00:00\",\"dateModified\":\"2021-07-04T15:03:30+00:00\",\"author\":{\"@id\":\"https:\/\/www.campus-cerdanya.com\/ca\/#\/schema\/person\/f6abc8bb03d1abe5119440bbd63de01c\"},\"breadcrumb\":{\"@id\":\"https:\/\/www.campus-cerdanya.com\/ca\/blog\/les-gorges-del-segre\/#breadcrumb\"},\"inLanguage\":\"ca\",\"potentialAction\":[{\"@type\":\"ReadAction\",\"target\":[\"https:\/\/www.campus-cerdanya.com\/ca\/blog\/les-gorges-del-segre\/\"]}]},{\"@type\":\"ImageObject\",\"inLanguage\":\"ca\",\"@id\":\"https:\/\/www.campus-cerdanya.com\/ca\/blog\/les-gorges-del-segre\/#primaryimage\",\"url\":\"https:\/\/www.campus-cerdanya.com\/wp-content\/uploads\/2021\/06\/gorges-del-segre-1_pequena.jpg\",\"contentUrl\":\"https:\/\/www.campus-cerdanya.com\/wp-content\/uploads\/2021\/06\/gorges-del-segre-1_pequena.jpg\",\"width\":600,\"height\":480,\"caption\":\"{\\\"key\\\":\\\"f2\\\"}\"},{\"@type\":\"BreadcrumbList\",\"@id\":\"https:\/\/www.campus-cerdanya.com\/ca\/blog\/les-gorges-del-segre\/#breadcrumb\",\"itemListElement\":[{\"@type\":\"ListItem\",\"position\":1,\"name\":\"Portada\",\"item\":\"https:\/\/www.campus-cerdanya.com\/ca\/\"},{\"@type\":\"ListItem\",\"position\":2,\"name\":\"Llo, St. Feliu de Castellvell i les gorges del Segre\"}]},{\"@type\":\"WebSite\",\"@id\":\"https:\/\/www.campus-cerdanya.com\/ca\/#website\",\"url\":\"https:\/\/www.campus-cerdanya.com\/ca\/\",\"name\":\"Campus Cerdanya\",\"description\":\"Hotel para grupos, familias y deportistas en los Pirineos.\",\"potentialAction\":[{\"@type\":\"SearchAction\",\"target\":{\"@type\":\"EntryPoint\",\"urlTemplate\":\"https:\/\/www.campus-cerdanya.com\/ca\/?s={search_term_string}\"},\"query-input\":{\"@type\":\"PropertyValueSpecification\",\"valueRequired\":true,\"valueName\":\"search_term_string\"}}],\"inLanguage\":\"ca\"},{\"@type\":\"Person\",\"@id\":\"https:\/\/www.campus-cerdanya.com\/ca\/#\/schema\/person\/f6abc8bb03d1abe5119440bbd63de01c\",\"name\":\"campus_editor\"}]}<\/script>\n<!-- \/ Yoast SEO plugin. -->","yoast_head_json":{"title":"Llo, St. Feliu de Castellvell i les gorges del Segre - Campus Cerdanya","robots":{"index":"index","follow":"follow","max-snippet":"max-snippet:-1","max-image-preview":"max-image-preview:large","max-video-preview":"max-video-preview:-1"},"canonical":"https:\/\/www.campus-cerdanya.com\/ca\/blog\/les-gorges-del-segre\/","og_locale":"ca_ES","og_type":"article","og_title":"Llo, St. Feliu de Castellvell i les gorges del Segre - Campus Cerdanya","og_description":"&nbsp; En aquesta excursi\u00f3 podrem veure un dels rius m\u00e9s importants del nostre pa\u00eds en la seva m\u00ednima expressi\u00f3 i que t\u00e9 el seu naixement sota [\u2026]","og_url":"https:\/\/www.campus-cerdanya.com\/ca\/blog\/les-gorges-del-segre\/","og_site_name":"Campus Cerdanya","article_published_time":"2021-06-29T09:41:19+00:00","article_modified_time":"2021-07-04T15:03:30+00:00","og_image":[{"width":600,"height":480,"url":"https:\/\/www.campus-cerdanya.com\/wp-content\/uploads\/2021\/06\/gorges-del-segre-1_pequena.jpg","type":"image\/jpeg"}],"author":"campus_editor","twitter_card":"summary_large_image","twitter_misc":{"Escrit per":"campus_editor","Temps estimat de lectura":"5 minuts"},"schema":{"@context":"https:\/\/schema.org","@graph":[{"@type":"WebPage","@id":"https:\/\/www.campus-cerdanya.com\/ca\/blog\/les-gorges-del-segre\/","url":"https:\/\/www.campus-cerdanya.com\/ca\/blog\/les-gorges-del-segre\/","name":"Llo, St. Feliu de Castellvell i les gorges del Segre - Campus Cerdanya","isPartOf":{"@id":"https:\/\/www.campus-cerdanya.com\/ca\/#website"},"primaryImageOfPage":{"@id":"https:\/\/www.campus-cerdanya.com\/ca\/blog\/les-gorges-del-segre\/#primaryimage"},"image":{"@id":"https:\/\/www.campus-cerdanya.com\/ca\/blog\/les-gorges-del-segre\/#primaryimage"},"thumbnailUrl":"https:\/\/www.campus-cerdanya.com\/wp-content\/uploads\/2021\/06\/gorges-del-segre-1_pequena.jpg","datePublished":"2021-06-29T09:41:19+00:00","dateModified":"2021-07-04T15:03:30+00:00","author":{"@id":"https:\/\/www.campus-cerdanya.com\/ca\/#\/schema\/person\/f6abc8bb03d1abe5119440bbd63de01c"},"breadcrumb":{"@id":"https:\/\/www.campus-cerdanya.com\/ca\/blog\/les-gorges-del-segre\/#breadcrumb"},"inLanguage":"ca","potentialAction":[{"@type":"ReadAction","target":["https:\/\/www.campus-cerdanya.com\/ca\/blog\/les-gorges-del-segre\/"]}]},{"@type":"ImageObject","inLanguage":"ca","@id":"https:\/\/www.campus-cerdanya.com\/ca\/blog\/les-gorges-del-segre\/#primaryimage","url":"https:\/\/www.campus-cerdanya.com\/wp-content\/uploads\/2021\/06\/gorges-del-segre-1_pequena.jpg","contentUrl":"https:\/\/www.campus-cerdanya.com\/wp-content\/uploads\/2021\/06\/gorges-del-segre-1_pequena.jpg","width":600,"height":480,"caption":"{\"key\":\"f2\"}"},{"@type":"BreadcrumbList","@id":"https:\/\/www.campus-cerdanya.com\/ca\/blog\/les-gorges-del-segre\/#breadcrumb","itemListElement":[{"@type":"ListItem","position":1,"name":"Portada","item":"https:\/\/www.campus-cerdanya.com\/ca\/"},{"@type":"ListItem","position":2,"name":"Llo, St. Feliu de Castellvell i les gorges del Segre"}]},{"@type":"WebSite","@id":"https:\/\/www.campus-cerdanya.com\/ca\/#website","url":"https:\/\/www.campus-cerdanya.com\/ca\/","name":"Campus Cerdanya","description":"Hotel para grupos, familias y deportistas en los Pirineos.","potentialAction":[{"@type":"SearchAction","target":{"@type":"EntryPoint","urlTemplate":"https:\/\/www.campus-cerdanya.com\/ca\/?s={search_term_string}"},"query-input":{"@type":"PropertyValueSpecification","valueRequired":true,"valueName":"search_term_string"}}],"inLanguage":"ca"},{"@type":"Person","@id":"https:\/\/www.campus-cerdanya.com\/ca\/#\/schema\/person\/f6abc8bb03d1abe5119440bbd63de01c","name":"campus_editor"}]}},"_links":{"self":[{"href":"https:\/\/www.campus-cerdanya.com\/ca\/wp-json\/wp\/v2\/posts\/1685","targetHints":{"allow":["GET"]}}],"collection":[{"href":"https:\/\/www.campus-cerdanya.com\/ca\/wp-json\/wp\/v2\/posts"}],"about":[{"href":"https:\/\/www.campus-cerdanya.com\/ca\/wp-json\/wp\/v2\/types\/post"}],"author":[{"embeddable":true,"href":"https:\/\/www.campus-cerdanya.com\/ca\/wp-json\/wp\/v2\/users\/2"}],"replies":[{"embeddable":true,"href":"https:\/\/www.campus-cerdanya.com\/ca\/wp-json\/wp\/v2\/comments?post=1685"}],"version-history":[{"count":5,"href":"https:\/\/www.campus-cerdanya.com\/ca\/wp-json\/wp\/v2\/posts\/1685\/revisions"}],"predecessor-version":[{"id":1727,"href":"https:\/\/www.campus-cerdanya.com\/ca\/wp-json\/wp\/v2\/posts\/1685\/revisions\/1727"}],"wp:featuredmedia":[{"embeddable":true,"href":"https:\/\/www.campus-cerdanya.com\/ca\/wp-json\/wp\/v2\/media\/1676"}],"wp:attachment":[{"href":"https:\/\/www.campus-cerdanya.com\/ca\/wp-json\/wp\/v2\/media?parent=1685"}],"wp:term":[{"taxonomy":"category","embeddable":true,"href":"https:\/\/www.campus-cerdanya.com\/ca\/wp-json\/wp\/v2\/categories?post=1685"},{"taxonomy":"post_tag","embeddable":true,"href":"https:\/\/www.campus-cerdanya.com\/ca\/wp-json\/wp\/v2\/tags?post=1685"}],"curies":[{"name":"wp","href":"https:\/\/api.w.org\/{rel}","templated":true}]}}